{"id":5524,"date":"2017-05-06T16:49:15","date_gmt":"2017-05-06T16:49:15","guid":{"rendered":"http:\/\/paroquiagloria.org\/v2\/?p=5524"},"modified":"2017-05-06T16:49:15","modified_gmt":"2017-05-06T16:49:15","slug":"com-maria-vive-a-alegria-pascal-e-entrega-te","status":"publish","type":"post","link":"http:\/\/paroquiagloria.org\/v2\/?p=5524","title":{"rendered":"Com Maria, vive a alegria pascal &#8230; e Entrega-te!"},"content":{"rendered":"<p>&nbsp;<\/p>\n<p><a href=\"http:\/\/paroquiagloria.org\/v2\/wp-content\/uploads\/2017\/04\/banner_ComMaria.jpg\"><img loading=\"lazy\" class=\"size-full wp-image-5473 aligncenter\" src=\"http:\/\/paroquiagloria.org\/v2\/wp-content\/uploads\/2017\/04\/banner_ComMaria.jpg\" alt=\"banner_ComMaria\" width=\"960\" height=\"450\" srcset=\"http:\/\/paroquiagloria.org\/v2\/wp-content\/uploads\/2017\/04\/banner_ComMaria.jpg 960w, http:\/\/paroquiagloria.org\/v2\/wp-content\/uploads\/2017\/04\/banner_ComMaria-300x141.jpg 300w\" sizes=\"(max-width: 960px) 100vw, 960px\" \/><\/a><br \/>\nSomos convidados, nesta IV semana da P\u00e1scoa, a escutar a voz do Bom e Belo Pastor, que \u00e9 Jesus, que chama porque ama, e entrega a vida pelas suas ovelhas. Nesse chamamento, nessa convoca\u00e7\u00e3o, cheia de ternura e amor, somos tamb\u00e9m desafiados a entregar a nossa vida, toda inteira, sem reservas. Maria tamb\u00e9m nos ensina essa atitude, tamb\u00e9m Maria nos ensina esta entrega. Assim, assinalando o Dia da M\u00e3e e o Dia Mundial das Voca\u00e7\u00f5es, conjugando a dimens\u00e3o da maternidade e da voca\u00e7\u00e3o, recordemos a express\u00e3o do profeta Jeremias &#8220;O Senhor me chamou desde o ventre de minha m\u00e3e&#8221; (<strong>Jr<\/strong> 1,5), e rezemos:<\/p>\n<p style=\"padding-left: 60px;\">\n<em>Senhora nossa,<\/em><br \/>\n<em>acolhe com a benevol\u00eancia de M\u00e3e, <\/em><br \/>\n<em>o acto de entrega que fazemos com confian\u00e7a<\/em><br \/>\n<em>e recomenda todos ao teu dileto Filho,<\/em><br \/>\n<em>\u00fanico Bom e Belo Pastor.<\/em><br \/>\n<em>Faz-nos reconhecer a Sua voz <\/em><br \/>\n<em>e inspira-nos a entregar a vida,<\/em><br \/>\n<em>servindo a Deus nos nossos irm\u00e3os.<\/em><\/p>\n","protected":false},"excerpt":{"rendered":"<p>&nbsp; Somos convidados, nesta IV semana da P\u00e1scoa, a escutar a voz do Bom e Belo Pastor, que \u00e9 Jesus, que chama porque ama, e entrega a vida pelas suas ovelhas. Nesse chamamento, nessa convoca\u00e7\u00e3o, cheia de ternura e amor, somos tamb\u00e9m desafiados a entregar a nossa vida, toda inteira, sem reservas. Maria tamb\u00e9m nos [&hellip;]<\/p>\n","protected":false},"author":1,"featured_media":5473,"comment_status":"open","ping_status":"closed","sticky":false,"template":"","format":"standard","meta":{"ngg_post_thumbnail":0},"categories":[1,4,2,6,19],"tags":[],"_links":{"self":[{"href":"http:\/\/paroquiagloria.org\/v2\/index.php?rest_route=\/wp\/v2\/posts\/5524"}],"collection":[{"href":"http:\/\/paroquiagloria.org\/v2\/index.php?rest_route=\/wp\/v2\/posts"}],"about":[{"href":"http:\/\/paroquiagloria.org\/v2\/index.php?rest_route=\/wp\/v2\/types\/post"}],"author":[{"embeddable":true,"href":"http:\/\/paroquiagloria.org\/v2\/index.php?rest_route=\/wp\/v2\/users\/1"}],"replies":[{"embeddable":true,"href":"http:\/\/paroquiagloria.org\/v2\/index.php?rest_route=%2Fwp%2Fv2%2Fcomments&post=5524"}],"version-history":[{"count":1,"href":"http:\/\/paroquiagloria.org\/v2\/index.php?rest_route=\/wp\/v2\/posts\/5524\/revisions"}],"predecessor-version":[{"id":5525,"href":"http:\/\/paroquiagloria.org\/v2\/index.php?rest_route=\/wp\/v2\/posts\/5524\/revisions\/5525"}],"wp:featuredmedia":[{"embeddable":true,"href":"http:\/\/paroquiagloria.org\/v2\/index.php?rest_route=\/wp\/v2\/media\/5473"}],"wp:attachment":[{"href":"http:\/\/paroquiagloria.org\/v2\/index.php?rest_route=%2Fwp%2Fv2%2Fmedia&parent=5524"}],"wp:term":[{"taxonomy":"category","embeddable":true,"href":"http:\/\/paroquiagloria.org\/v2\/index.php?rest_route=%2Fwp%2Fv2%2Fcategories&post=5524"},{"taxonomy":"post_tag","embeddable":true,"href":"http:\/\/paroquiagloria.org\/v2\/index.php?rest_route=%2Fwp%2Fv2%2Ftags&post=5524"}],"curies":[{"name":"wp","href":"https:\/\/api.w.org\/{rel}","templated":true}]}}