{"id":5508,"date":"2017-04-30T10:08:58","date_gmt":"2017-04-30T10:08:58","guid":{"rendered":"http:\/\/paroquiagloria.org\/v2\/?p=5508"},"modified":"2017-04-30T10:08:58","modified_gmt":"2017-04-30T10:08:58","slug":"dois-dedos-de-liturgia-18","status":"publish","type":"post","link":"http:\/\/paroquiagloria.org\/v2\/?p=5508","title":{"rendered":"Dois dedos de Liturgia (18)"},"content":{"rendered":"<div id=\"attachment_5482\" style=\"width: 610px\" class=\"wp-caption aligncenter\"><a href=\"http:\/\/paroquiagloria.org\/v2\/wp-content\/uploads\/2017\/04\/joelhos.jpg\"><img aria-describedby=\"caption-attachment-5482\" loading=\"lazy\" class=\"size-full wp-image-5482\" src=\"http:\/\/paroquiagloria.org\/v2\/wp-content\/uploads\/2017\/04\/joelhos.jpg\" alt=\"SONY DSC\" width=\"600\" height=\"401\" srcset=\"http:\/\/paroquiagloria.org\/v2\/wp-content\/uploads\/2017\/04\/joelhos.jpg 600w, http:\/\/paroquiagloria.org\/v2\/wp-content\/uploads\/2017\/04\/joelhos-300x201.jpg 300w, http:\/\/paroquiagloria.org\/v2\/wp-content\/uploads\/2017\/04\/joelhos-140x94.jpg 140w\" sizes=\"(max-width: 600px) 100vw, 600px\" \/><\/a><p id=\"caption-attachment-5482\" class=\"wp-caption-text\">SONY DSC<\/p><\/div>\n<h4><strong>&#8211; Quando e porqu\u00ea nos devemos ajoelhar na Eucaristia?<\/strong><\/h4>\n<p>Continuamos a responder \u00e0 pertinente pergunta que nos foi enviada por e-mail e j\u00e1 dedicamos o n\u00famero anterior. Agora procuramos dar resposta ao &#8220;quando ajoelhar&#8221;, ou seja os momentos da Eucaristia, em que a atitude corporal comum deve ser ajoelhar. Come\u00e7amos, desde logo por notar que toda a assembleia \u00e9 convidada a ajoelhar, no dia Natal e na Anuncia\u00e7\u00e3o do Senhor, \u00e0s palavras do Credo \u00abE encarnou pelo Esp\u00edrito Santo\u2026\u00bb ou tamb\u00e9m quando que \u00e9 lida a narra\u00e7\u00e3o da Paix\u00e3o, no Domingo de Ramos e em Sexta-Feira Santa, depois do relato da morte de Jesus.<br \/>\nAl\u00e9m disto, em todas as Eucaristias devemos ajoelhar-nos quando se inicia o relato da \u00daltima Ceia, depois da epiclese, ao iniciar a narra\u00e7\u00e3o da institui\u00e7\u00e3o da Eucaristia. A aclama\u00e7\u00e3o &#8220;mist\u00e9rio da f\u00e9&#8221; e a consequente resposta da assembleia j\u00e1 deve ser feita estando de p\u00e9. Se, pela estreiteza do lugar ou por motivo de sa\u00fade n\u00e3o se possa ajoelhar, deve ent\u00e3o fazer uma inclina\u00e7\u00e3o profunda enquanto o sacerdote faz a genuflex\u00e3o depois da eleva\u00e7\u00e3o.<br \/>\nA atitude comum do corpo na liturgia \u00e9 sinal da unidade dos membros da comunidade crist\u00e3. Portanto, \u00e9 necess\u00e1rio rezarmos juntos e realizarmos comunitariamente os mesmos gestos, como sinal de comunh\u00e3o para vivermos a dimens\u00e3o eclesial da ora\u00e7\u00e3o lit\u00fargica (que \u00e9 diferente da ora\u00e7\u00e3o pessoal).<\/p>\n<p style=\"text-align: right;\">* envie as suas quest\u00f5es para doisdedosdeliturgia@gmail.com<\/p>\n","protected":false},"excerpt":{"rendered":"<p>&#8211; Quando e porqu\u00ea nos devemos ajoelhar na Eucaristia? Continuamos a responder \u00e0 pertinente pergunta que nos foi enviada por e-mail e j\u00e1 dedicamos o n\u00famero anterior. Agora procuramos dar resposta ao &#8220;quando ajoelhar&#8221;, ou seja os momentos da Eucaristia, em que a atitude corporal comum deve ser ajoelhar. Come\u00e7amos, desde logo por notar que [&hellip;]<\/p>\n","protected":false},"author":1,"featured_media":5483,"comment_status":"open","ping_status":"closed","sticky":false,"template":"","format":"standard","meta":{"ngg_post_thumbnail":0},"categories":[1,4,2,6,19],"tags":[],"_links":{"self":[{"href":"http:\/\/paroquiagloria.org\/v2\/index.php?rest_route=\/wp\/v2\/posts\/5508"}],"collection":[{"href":"http:\/\/paroquiagloria.org\/v2\/index.php?rest_route=\/wp\/v2\/posts"}],"about":[{"href":"http:\/\/paroquiagloria.org\/v2\/index.php?rest_route=\/wp\/v2\/types\/post"}],"author":[{"embeddable":true,"href":"http:\/\/paroquiagloria.org\/v2\/index.php?rest_route=\/wp\/v2\/users\/1"}],"replies":[{"embeddable":true,"href":"http:\/\/paroquiagloria.org\/v2\/index.php?rest_route=%2Fwp%2Fv2%2Fcomments&post=5508"}],"version-history":[{"count":1,"href":"http:\/\/paroquiagloria.org\/v2\/index.php?rest_route=\/wp\/v2\/posts\/5508\/revisions"}],"predecessor-version":[{"id":5509,"href":"http:\/\/paroquiagloria.org\/v2\/index.php?rest_route=\/wp\/v2\/posts\/5508\/revisions\/5509"}],"wp:featuredmedia":[{"embeddable":true,"href":"http:\/\/paroquiagloria.org\/v2\/index.php?rest_route=\/wp\/v2\/media\/5483"}],"wp:attachment":[{"href":"http:\/\/paroquiagloria.org\/v2\/index.php?rest_route=%2Fwp%2Fv2%2Fmedia&parent=5508"}],"wp:term":[{"taxonomy":"category","embeddable":true,"href":"http:\/\/paroquiagloria.org\/v2\/index.php?rest_route=%2Fwp%2Fv2%2Fcategories&post=5508"},{"taxonomy":"post_tag","embeddable":true,"href":"http:\/\/paroquiagloria.org\/v2\/index.php?rest_route=%2Fwp%2Fv2%2Ftags&post=5508"}],"curies":[{"name":"wp","href":"https:\/\/api.w.org\/{rel}","templated":true}]}}