{"id":5494,"date":"2017-04-30T09:56:24","date_gmt":"2017-04-30T09:56:24","guid":{"rendered":"http:\/\/paroquiagloria.org\/v2\/?p=5494"},"modified":"2017-04-30T09:56:24","modified_gmt":"2017-04-30T09:56:24","slug":"com-maria-vive-a-alegria-pascal-e-peregrina","status":"publish","type":"post","link":"http:\/\/paroquiagloria.org\/v2\/?p=5494","title":{"rendered":"Com Maria, vive a alegria pascal&#8230; e PEREGRINA!"},"content":{"rendered":"<p><a href=\"http:\/\/paroquiagloria.org\/v2\/wp-content\/uploads\/2017\/04\/banner_ComMaria.jpg\"><img loading=\"lazy\" class=\"alignnone size-full wp-image-5473\" src=\"http:\/\/paroquiagloria.org\/v2\/wp-content\/uploads\/2017\/04\/banner_ComMaria.jpg\" alt=\"banner_ComMaria\" width=\"960\" height=\"450\" srcset=\"http:\/\/paroquiagloria.org\/v2\/wp-content\/uploads\/2017\/04\/banner_ComMaria.jpg 960w, http:\/\/paroquiagloria.org\/v2\/wp-content\/uploads\/2017\/04\/banner_ComMaria-300x141.jpg 300w\" sizes=\"(max-width: 960px) 100vw, 960px\" \/><\/a><\/p>\n<h2 style=\"text-align: right;\">&#8230; e PEREGRINA!<\/h2>\n<p>Iniciamos a<strong> semana de ora\u00e7\u00e3o pelas Voca\u00e7\u00f5es<\/strong>. Nesta semana, a partir do exemplo dos disc\u00edpulos de Ema\u00fas, que fazem o caminho, que vai do desespero \u00e0 alegria, e reconhecem Jesus ao partir do P\u00e3o, somos convidados a tomar consci\u00eancia da nossa vida como peregrina\u00e7\u00e3o para Deus. <span style=\"text-decoration: underline;\">Durante esta semana teremos dois momentos comunit\u00e1rios de ora\u00e7\u00e3o vocacional<\/span>: ter\u00e7a-feira, inserido numa cadeia de ora\u00e7\u00e3o diocesana, rezaremos o ter\u00e7o vocacional, na S\u00e9, \u00e0s 21h30, e quinta-feira, como j\u00e1 \u00e9 h\u00e1bito, a partir das 17h, teremos a exposi\u00e7\u00e3o do Sant\u00edssimo.<\/p>\n<p><a href=\"http:\/\/paroquiagloria.org\/v2\/wp-content\/uploads\/2017\/04\/queresdarteadeus.jpg\"><img loading=\"lazy\" class=\"size-full wp-image-5495 aligncenter\" src=\"http:\/\/paroquiagloria.org\/v2\/wp-content\/uploads\/2017\/04\/queresdarteadeus.jpg\" alt=\"queresdarteadeus\" width=\"960\" height=\"340\" srcset=\"http:\/\/paroquiagloria.org\/v2\/wp-content\/uploads\/2017\/04\/queresdarteadeus.jpg 960w, http:\/\/paroquiagloria.org\/v2\/wp-content\/uploads\/2017\/04\/queresdarteadeus-300x106.jpg 300w\" sizes=\"(max-width: 960px) 100vw, 960px\" \/><\/a><\/p>\n<p>&nbsp;<\/p>\n<p>Com Maria e por Maria, rezamos a ora\u00e7\u00e3o proposta para esta semana:<\/p>\n<p style=\"padding-left: 30px;\"><em>Maria Sant\u00edssima, M\u00e3e do nosso Salvador, <\/em><br \/>\n<em>Tu que tiveste a coragem de abra\u00e7ar o sonho de Deus, <\/em><br \/>\n<em>pondo a tua juventude e o teu entusiasmo nas m\u00e3os d&#8217;Ele; <\/em><br \/>\n<em>intercede por n\u00f3s ao Pai, por teu Filho Jesus Cristo, <\/em><br \/>\n<em>para que sejamos impelidos pelo Esp\u00edrito Santo para a miss\u00e3o, <\/em><br \/>\n<em>com a mesma abertura do teu cora\u00e7\u00e3o, <\/em><br \/>\n<em>e a prontid\u00e3o em dizer o nosso \u00abEis-me aqui\u00bb, <\/em><br \/>\n<em>ao chamamento e \u00e0 alegria de nos pormos a caminho como Tu,<\/em><br \/>\n<em>para O anunciar ao mundo inteiro. Amen.<\/em><\/p>\n<p><a href=\"http:\/\/paroquiagloria.org\/v2\/wp-content\/uploads\/2017\/04\/SE_com-maria_vertical_1000x1500.jpg\"><img loading=\"lazy\" class=\"size-large wp-image-5474 aligncenter\" src=\"http:\/\/paroquiagloria.org\/v2\/wp-content\/uploads\/2017\/04\/SE_com-maria_vertical_1000x1500-768x1024.jpg\" alt=\"SE_com maria_vertical_1000x1500\" width=\"768\" height=\"1024\" srcset=\"http:\/\/paroquiagloria.org\/v2\/wp-content\/uploads\/2017\/04\/SE_com-maria_vertical_1000x1500-768x1024.jpg 768w, http:\/\/paroquiagloria.org\/v2\/wp-content\/uploads\/2017\/04\/SE_com-maria_vertical_1000x1500-225x300.jpg 225w\" sizes=\"(max-width: 768px) 100vw, 768px\" \/><\/a><\/p>\n<p>&nbsp;<\/p>\n<p>&nbsp;<\/p>\n","protected":false},"excerpt":{"rendered":"<p>&#8230; e PEREGRINA! Iniciamos a semana de ora\u00e7\u00e3o pelas Voca\u00e7\u00f5es. Nesta semana, a partir do exemplo dos disc\u00edpulos de Ema\u00fas, que fazem o caminho, que vai do desespero \u00e0 alegria, e reconhecem Jesus ao partir do P\u00e3o, somos convidados a tomar consci\u00eancia da nossa vida como peregrina\u00e7\u00e3o para Deus. Durante esta semana teremos dois momentos [&hellip;]<\/p>\n","protected":false},"author":1,"featured_media":5473,"comment_status":"open","ping_status":"closed","sticky":false,"template":"","format":"standard","meta":{"ngg_post_thumbnail":0},"categories":[1,4,2,6,19],"tags":[],"_links":{"self":[{"href":"http:\/\/paroquiagloria.org\/v2\/index.php?rest_route=\/wp\/v2\/posts\/5494"}],"collection":[{"href":"http:\/\/paroquiagloria.org\/v2\/index.php?rest_route=\/wp\/v2\/posts"}],"about":[{"href":"http:\/\/paroquiagloria.org\/v2\/index.php?rest_route=\/wp\/v2\/types\/post"}],"author":[{"embeddable":true,"href":"http:\/\/paroquiagloria.org\/v2\/index.php?rest_route=\/wp\/v2\/users\/1"}],"replies":[{"embeddable":true,"href":"http:\/\/paroquiagloria.org\/v2\/index.php?rest_route=%2Fwp%2Fv2%2Fcomments&post=5494"}],"version-history":[{"count":1,"href":"http:\/\/paroquiagloria.org\/v2\/index.php?rest_route=\/wp\/v2\/posts\/5494\/revisions"}],"predecessor-version":[{"id":5496,"href":"http:\/\/paroquiagloria.org\/v2\/index.php?rest_route=\/wp\/v2\/posts\/5494\/revisions\/5496"}],"wp:featuredmedia":[{"embeddable":true,"href":"http:\/\/paroquiagloria.org\/v2\/index.php?rest_route=\/wp\/v2\/media\/5473"}],"wp:attachment":[{"href":"http:\/\/paroquiagloria.org\/v2\/index.php?rest_route=%2Fwp%2Fv2%2Fmedia&parent=5494"}],"wp:term":[{"taxonomy":"category","embeddable":true,"href":"http:\/\/paroquiagloria.org\/v2\/index.php?rest_route=%2Fwp%2Fv2%2Fcategories&post=5494"},{"taxonomy":"post_tag","embeddable":true,"href":"http:\/\/paroquiagloria.org\/v2\/index.php?rest_route=%2Fwp%2Fv2%2Ftags&post=5494"}],"curies":[{"name":"wp","href":"https:\/\/api.w.org\/{rel}","templated":true}]}}