{"id":5492,"date":"2017-04-30T09:52:11","date_gmt":"2017-04-30T09:52:11","guid":{"rendered":"http:\/\/paroquiagloria.org\/v2\/?p=5492"},"modified":"2017-04-30T09:52:11","modified_gmt":"2017-04-30T09:52:11","slug":"felizes-os-que-sabem-partilhar-obrigado","status":"publish","type":"post","link":"http:\/\/paroquiagloria.org\/v2\/?p=5492","title":{"rendered":"Felizes os que sabem Partilhar! Obrigado!"},"content":{"rendered":"<p>&nbsp;<\/p>\n<p><a href=\"http:\/\/paroquiagloria.org\/v2\/wp-content\/uploads\/2017\/04\/felizesosquesabempartilhar.jpg\"><img loading=\"lazy\" class=\"size-large wp-image-5458 aligncenter\" src=\"http:\/\/paroquiagloria.org\/v2\/wp-content\/uploads\/2017\/04\/felizesosquesabempartilhar-1024x851.jpg\" alt=\"felizesosquesabempartilhar\" width=\"1024\" height=\"851\" srcset=\"http:\/\/paroquiagloria.org\/v2\/wp-content\/uploads\/2017\/04\/felizesosquesabempartilhar-1024x851.jpg 1024w, http:\/\/paroquiagloria.org\/v2\/wp-content\/uploads\/2017\/04\/felizesosquesabempartilhar-300x249.jpg 300w, http:\/\/paroquiagloria.org\/v2\/wp-content\/uploads\/2017\/04\/felizesosquesabempartilhar.jpg 1840w\" sizes=\"(max-width: 1024px) 100vw, 1024px\" \/><\/a><\/p>\n<p>Ao concluir a Semana da Partilha imp\u00f5e-se um Obrigado a todos. Registamos a boa ades\u00e3o por parte das pessoas, que, no geral, acolheram bem os paroquianos volunt\u00e1rios que distribu\u00edram o saco, fazendo o convite para a partilha. Registamos o aumento do n\u00famero daqueles que se voluntariaram para essa distribui\u00e7\u00e3o. Registamos a generosidade de tantos que partilharam algum bem que, agora, por interm\u00e9dio das Confer\u00eancias Vicentinas da Par\u00f3quia, far\u00e1 bem a quem vive com mais dificuldades. As contagens n\u00e3o est\u00e3o feitas, nem s\u00e3o o mais fundamental. Em todo o caso, de bom grado, nos mobilizaremos para continuar a realizar esta ac\u00e7\u00e3o, iniciada aquando da Miss\u00e3o Jubilar.<\/p>\n","protected":false},"excerpt":{"rendered":"<p>&nbsp; Ao concluir a Semana da Partilha imp\u00f5e-se um Obrigado a todos. Registamos a boa ades\u00e3o por parte das pessoas, que, no geral, acolheram bem os paroquianos volunt\u00e1rios que distribu\u00edram o saco, fazendo o convite para a partilha. Registamos o aumento do n\u00famero daqueles que se voluntariaram para essa distribui\u00e7\u00e3o. Registamos a generosidade de tantos [&hellip;]<\/p>\n","protected":false},"author":1,"featured_media":5459,"comment_status":"open","ping_status":"closed","sticky":false,"template":"","format":"standard","meta":{"ngg_post_thumbnail":0},"categories":[1,4,2,6,19],"tags":[],"_links":{"self":[{"href":"http:\/\/paroquiagloria.org\/v2\/index.php?rest_route=\/wp\/v2\/posts\/5492"}],"collection":[{"href":"http:\/\/paroquiagloria.org\/v2\/index.php?rest_route=\/wp\/v2\/posts"}],"about":[{"href":"http:\/\/paroquiagloria.org\/v2\/index.php?rest_route=\/wp\/v2\/types\/post"}],"author":[{"embeddable":true,"href":"http:\/\/paroquiagloria.org\/v2\/index.php?rest_route=\/wp\/v2\/users\/1"}],"replies":[{"embeddable":true,"href":"http:\/\/paroquiagloria.org\/v2\/index.php?rest_route=%2Fwp%2Fv2%2Fcomments&post=5492"}],"version-history":[{"count":1,"href":"http:\/\/paroquiagloria.org\/v2\/index.php?rest_route=\/wp\/v2\/posts\/5492\/revisions"}],"predecessor-version":[{"id":5493,"href":"http:\/\/paroquiagloria.org\/v2\/index.php?rest_route=\/wp\/v2\/posts\/5492\/revisions\/5493"}],"wp:featuredmedia":[{"embeddable":true,"href":"http:\/\/paroquiagloria.org\/v2\/index.php?rest_route=\/wp\/v2\/media\/5459"}],"wp:attachment":[{"href":"http:\/\/paroquiagloria.org\/v2\/index.php?rest_route=%2Fwp%2Fv2%2Fmedia&parent=5492"}],"wp:term":[{"taxonomy":"category","embeddable":true,"href":"http:\/\/paroquiagloria.org\/v2\/index.php?rest_route=%2Fwp%2Fv2%2Fcategories&post=5492"},{"taxonomy":"post_tag","embeddable":true,"href":"http:\/\/paroquiagloria.org\/v2\/index.php?rest_route=%2Fwp%2Fv2%2Ftags&post=5492"}],"curies":[{"name":"wp","href":"https:\/\/api.w.org\/{rel}","templated":true}]}}