{"id":5481,"date":"2017-04-22T18:47:02","date_gmt":"2017-04-22T18:47:02","guid":{"rendered":"http:\/\/paroquiagloria.org\/v2\/?p=5481"},"modified":"2017-04-22T18:47:02","modified_gmt":"2017-04-22T18:47:02","slug":"dois-dedos-de-liturgia-17","status":"publish","type":"post","link":"http:\/\/paroquiagloria.org\/v2\/?p=5481","title":{"rendered":"Dois dedos de Liturgia (17)"},"content":{"rendered":"<p>&nbsp;<\/p>\n<div id=\"attachment_5482\" style=\"width: 610px\" class=\"wp-caption aligncenter\"><a href=\"http:\/\/paroquiagloria.org\/v2\/wp-content\/uploads\/2017\/04\/joelhos.jpg\"><img aria-describedby=\"caption-attachment-5482\" loading=\"lazy\" class=\"size-full wp-image-5482\" src=\"http:\/\/paroquiagloria.org\/v2\/wp-content\/uploads\/2017\/04\/joelhos.jpg\" alt=\"SONY DSC\" width=\"600\" height=\"401\" srcset=\"http:\/\/paroquiagloria.org\/v2\/wp-content\/uploads\/2017\/04\/joelhos.jpg 600w, http:\/\/paroquiagloria.org\/v2\/wp-content\/uploads\/2017\/04\/joelhos-300x201.jpg 300w, http:\/\/paroquiagloria.org\/v2\/wp-content\/uploads\/2017\/04\/joelhos-140x94.jpg 140w\" sizes=\"(max-width: 600px) 100vw, 600px\" \/><\/a><p id=\"caption-attachment-5482\" class=\"wp-caption-text\">SONY DSC<\/p><\/div>\n<h3 style=\"text-align: justify;\"><strong>&#8211; Quando e porqu\u00ea nos devemos ajoelhar na Eucaristia? <\/strong><\/h3>\n<p style=\"text-align: justify;\">\nEsta pertinente pergunta foi-nos enviada por email, h\u00e1 alguns dias atr\u00e1s, e por limita\u00e7\u00e3o de espa\u00e7o e relev\u00e2ncia da quest\u00e3o, teremos que responder em dois n\u00fameros. Quanto ao porqu\u00ea temos, desde logo, que atentar que n\u00e3o rezamos s\u00f3 com o pensamento ou com palavras, mas \u00e9 todo o nosso corpo que est\u00e1 envolvido quando nos dirigimos a Deus e rezamos conjuntamente com os irm\u00e3os. Por mais belos que sejam os c\u00e2nticos e as palavras, por si s\u00f3s, n\u00e3o conseguem assegurar a participa\u00e7\u00e3o do corpo na ora\u00e7\u00e3o e portanto \u00e9 necess\u00e1rio que o corpo inteiro participe atrav\u00e9s de gestos e movimentos que exprimem as diversas atitudes da Pessoa diante Deus.<br \/>\nNo simbolismo lit\u00fargico oficial da Igreja Cat\u00f3lica, o acto de ajoelhar \u00e9 o mais significativo gesto corporal de adora\u00e7\u00e3o a Jesus Cristo, Presente Verdadeiramente no Sant\u00edssimo Sacramento do Altar em Corpo, Sangue, Alma e Divindade (Catecismo da Igreja Cat\u00f3lica, 1373-1381).<br \/>\nAssim, ajoelhar \u00e9 um gesto de adora\u00e7\u00e3o, pelo qual manifestamos a grandeza do Criador, respeito e rever\u00eancia pela infinitude do Amor de Deus que se renova no dom total de Cristo na cruz e no tornar-se alimento por n\u00f3s no seu Corpo e Sangue. Ajoelhar \u00e9 tamb\u00e9m um gesto de reconhecimento de autoridade ou penit\u00eancia, como nos mostra por exemplo, o Evangelho da adora\u00e7\u00e3o dos Magos, do cego de nascen\u00e7a, da mulher cananeia que se lan\u00e7ou aos p\u00e9s de Jesus ou Maria Madalena que lhe perfumava os p\u00e9s.<br \/>\nNa pr\u00f3xima semana responderemos ao &#8220;quando ajoelhar&#8221;.<\/p>\n<p style=\"text-align: right;\">\n* envie as suas quest\u00f5es para doisdedosdeliturgia@gmail.com<\/p>\n","protected":false},"excerpt":{"rendered":"<p>&nbsp; &#8211; Quando e porqu\u00ea nos devemos ajoelhar na Eucaristia? Esta pertinente pergunta foi-nos enviada por email, h\u00e1 alguns dias atr\u00e1s, e por limita\u00e7\u00e3o de espa\u00e7o e relev\u00e2ncia da quest\u00e3o, teremos que responder em dois n\u00fameros. Quanto ao porqu\u00ea temos, desde logo, que atentar que n\u00e3o rezamos s\u00f3 com o pensamento ou com palavras, mas [&hellip;]<\/p>\n","protected":false},"author":1,"featured_media":5483,"comment_status":"open","ping_status":"closed","sticky":false,"template":"","format":"standard","meta":{"ngg_post_thumbnail":0},"categories":[1,4,2,6,19],"tags":[],"_links":{"self":[{"href":"http:\/\/paroquiagloria.org\/v2\/index.php?rest_route=\/wp\/v2\/posts\/5481"}],"collection":[{"href":"http:\/\/paroquiagloria.org\/v2\/index.php?rest_route=\/wp\/v2\/posts"}],"about":[{"href":"http:\/\/paroquiagloria.org\/v2\/index.php?rest_route=\/wp\/v2\/types\/post"}],"author":[{"embeddable":true,"href":"http:\/\/paroquiagloria.org\/v2\/index.php?rest_route=\/wp\/v2\/users\/1"}],"replies":[{"embeddable":true,"href":"http:\/\/paroquiagloria.org\/v2\/index.php?rest_route=%2Fwp%2Fv2%2Fcomments&post=5481"}],"version-history":[{"count":1,"href":"http:\/\/paroquiagloria.org\/v2\/index.php?rest_route=\/wp\/v2\/posts\/5481\/revisions"}],"predecessor-version":[{"id":5484,"href":"http:\/\/paroquiagloria.org\/v2\/index.php?rest_route=\/wp\/v2\/posts\/5481\/revisions\/5484"}],"wp:featuredmedia":[{"embeddable":true,"href":"http:\/\/paroquiagloria.org\/v2\/index.php?rest_route=\/wp\/v2\/media\/5483"}],"wp:attachment":[{"href":"http:\/\/paroquiagloria.org\/v2\/index.php?rest_route=%2Fwp%2Fv2%2Fmedia&parent=5481"}],"wp:term":[{"taxonomy":"category","embeddable":true,"href":"http:\/\/paroquiagloria.org\/v2\/index.php?rest_route=%2Fwp%2Fv2%2Fcategories&post=5481"},{"taxonomy":"post_tag","embeddable":true,"href":"http:\/\/paroquiagloria.org\/v2\/index.php?rest_route=%2Fwp%2Fv2%2Ftags&post=5481"}],"curies":[{"name":"wp","href":"https:\/\/api.w.org\/{rel}","templated":true}]}}