{"id":5476,"date":"2017-04-22T18:17:59","date_gmt":"2017-04-22T18:17:59","guid":{"rendered":"http:\/\/paroquiagloria.org\/v2\/?p=5476"},"modified":"2017-04-22T18:17:59","modified_gmt":"2017-04-22T18:17:59","slug":"descobrindo-a-mensagem-de-fatima","status":"publish","type":"post","link":"http:\/\/paroquiagloria.org\/v2\/?p=5476","title":{"rendered":"Descobrindo a Mensagem de F\u00e1tima"},"content":{"rendered":"<p><a href=\"http:\/\/paroquiagloria.org\/v2\/wp-content\/uploads\/2017\/04\/banner_mensagemdefatima.jpg\"><img loading=\"lazy\" class=\"size-full wp-image-5477 aligncenter\" src=\"http:\/\/paroquiagloria.org\/v2\/wp-content\/uploads\/2017\/04\/banner_mensagemdefatima.jpg\" alt=\"banner_mensagemdefatima\" width=\"960\" height=\"450\" srcset=\"http:\/\/paroquiagloria.org\/v2\/wp-content\/uploads\/2017\/04\/banner_mensagemdefatima.jpg 960w, http:\/\/paroquiagloria.org\/v2\/wp-content\/uploads\/2017\/04\/banner_mensagemdefatima-300x141.jpg 300w\" sizes=\"(max-width: 960px) 100vw, 960px\" \/><\/a><\/p>\n<p>&nbsp;<\/p>\n<p style=\"text-align: justify;\">No pr\u00f3ximo s\u00e1bado, \u00e0s 15h, receberemos na nossa par\u00f3quia as Irm\u00e3s da Alian\u00e7a de Santa Maria, para um encontro com adolescentes e jovens da catequese a fim de os ajudar a descobrir e a conhecer melhor a Mensagem que os Pastorinhos de F\u00e1tima, que ser\u00e3o canonizados pelo Papa Francisco, no pr\u00f3ximo dia 13 de Maio, receberam h\u00e1 100 anos.<\/p>\n","protected":false},"excerpt":{"rendered":"<p>&nbsp; No pr\u00f3ximo s\u00e1bado, \u00e0s 15h, receberemos na nossa par\u00f3quia as Irm\u00e3s da Alian\u00e7a de Santa Maria, para um encontro com adolescentes e jovens da catequese a fim de os ajudar a descobrir e a conhecer melhor a Mensagem que os Pastorinhos de F\u00e1tima, que ser\u00e3o canonizados pelo Papa Francisco, no pr\u00f3ximo dia 13 de [&hellip;]<\/p>\n","protected":false},"author":1,"featured_media":5477,"comment_status":"open","ping_status":"closed","sticky":false,"template":"","format":"standard","meta":{"ngg_post_thumbnail":0},"categories":[1,4,2,6,19],"tags":[],"_links":{"self":[{"href":"http:\/\/paroquiagloria.org\/v2\/index.php?rest_route=\/wp\/v2\/posts\/5476"}],"collection":[{"href":"http:\/\/paroquiagloria.org\/v2\/index.php?rest_route=\/wp\/v2\/posts"}],"about":[{"href":"http:\/\/paroquiagloria.org\/v2\/index.php?rest_route=\/wp\/v2\/types\/post"}],"author":[{"embeddable":true,"href":"http:\/\/paroquiagloria.org\/v2\/index.php?rest_route=\/wp\/v2\/users\/1"}],"replies":[{"embeddable":true,"href":"http:\/\/paroquiagloria.org\/v2\/index.php?rest_route=%2Fwp%2Fv2%2Fcomments&post=5476"}],"version-history":[{"count":1,"href":"http:\/\/paroquiagloria.org\/v2\/index.php?rest_route=\/wp\/v2\/posts\/5476\/revisions"}],"predecessor-version":[{"id":5478,"href":"http:\/\/paroquiagloria.org\/v2\/index.php?rest_route=\/wp\/v2\/posts\/5476\/revisions\/5478"}],"wp:featuredmedia":[{"embeddable":true,"href":"http:\/\/paroquiagloria.org\/v2\/index.php?rest_route=\/wp\/v2\/media\/5477"}],"wp:attachment":[{"href":"http:\/\/paroquiagloria.org\/v2\/index.php?rest_route=%2Fwp%2Fv2%2Fmedia&parent=5476"}],"wp:term":[{"taxonomy":"category","embeddable":true,"href":"http:\/\/paroquiagloria.org\/v2\/index.php?rest_route=%2Fwp%2Fv2%2Fcategories&post=5476"},{"taxonomy":"post_tag","embeddable":true,"href":"http:\/\/paroquiagloria.org\/v2\/index.php?rest_route=%2Fwp%2Fv2%2Ftags&post=5476"}],"curies":[{"name":"wp","href":"https:\/\/api.w.org\/{rel}","templated":true}]}}