{"id":5472,"date":"2017-04-22T18:04:20","date_gmt":"2017-04-22T18:04:20","guid":{"rendered":"http:\/\/paroquiagloria.org\/v2\/?p=5472"},"modified":"2017-04-22T18:04:20","modified_gmt":"2017-04-22T18:04:20","slug":"com-maria-vive-a-alegria-pascal-e-partilha","status":"publish","type":"post","link":"http:\/\/paroquiagloria.org\/v2\/?p=5472","title":{"rendered":"Com Maria, vive a alegria pascal&#8230; e PARTILHA!"},"content":{"rendered":"<p>&nbsp;<\/p>\n<p>&nbsp;<\/p>\n<p style=\"text-align: justify;\">Ao longo do Tempo Pascal, neste espa\u00e7o de alegria at\u00e9 ao Pentecostes, queremos aprender na escola de Maria. Com ela, nesta Cinquentena, e n\u00e3o s\u00f3 no m\u00eas de Maio, queremos viver a alegria pascal que brota da santa noite da Ressurrei\u00e7\u00e3o: Cristo est\u00e1 vivo! Ele \u00e9 o nosso \u00fanico salvador!<br \/>\nEm cada semana, teremos um pequeno gesto ou compromisso pessoal e tamb\u00e9m uma singela ora\u00e7\u00e3o, quase sempre inspirada na ora\u00e7\u00e3o do Papa Francisco. Viveremos este tempo, como caminhada pascal, como oitava de domingos, com a riqueza pr\u00f3pria da liturgia, e tamb\u00e9m com a din\u00e2mica paroquial da ora\u00e7\u00e3o mariana, atrav\u00e9s da recita\u00e7\u00e3o do ter\u00e7o, e com outros momentos celebrativos da vida da igreja. \u00c9 \u00f3bvio que o Centen\u00e1rio das Apari\u00e7\u00f5es de F\u00e1tima, que nos faz acolher o Santo Padre no nosso pa\u00eds, \u00e9 tamb\u00e9m motivo relevante para a nossa alegria.<\/p>\n<p>Nesta semana iniciada com o Domingo da Miseric\u00f3rdia somos convidados \u00e0 partilha. A miseric\u00f3rdia \u00e9 o que nos impele a abrir o cora\u00e7\u00e3o e as m\u00e3os ao outro. Por isso, o desafio passa por partilhar n\u00e3o s\u00f3 as nossas coisas, mas tamb\u00e9m a nossa vida e a nossa f\u00e9, que celebramos, cada domingo, em comunidade. Com Tom\u00e9, nosso irm\u00e3o nas d\u00favidas e na f\u00e9, e com o aux\u00edlio de Maria, nos dispomos a viver e a partilhar a alegria pascal.<\/p>\n<p style=\"padding-left: 60px;\"><em>Senhora da Miseric\u00f3rdia,<\/em><br \/>\n<em>&#8220;celebramos em ti as grandes obras de Deus,<\/em><br \/>\n<em>que nunca se cansa de Se inclinar <\/em><br \/>\n<em>com miseric\u00f3rdia sobre a humanidade.<\/em><br \/>\n<em>Guarda a nossa vida entre os teus bra\u00e7os:<\/em><br \/>\n<em>Suscita e anima a caridade&#8221;.<\/em><br \/>\n<em>Ensina-nos a partilhar um pouco do que temos <\/em><br \/>\n<em>e tudo o que somos.<\/em><\/p>\n<p style=\"padding-left: 60px;\">\n<p style=\"padding-left: 30px;\"><a href=\"http:\/\/paroquiagloria.org\/v2\/wp-content\/uploads\/2017\/04\/SE_com-maria_vertical_1000x1500.jpg\"><img loading=\"lazy\" class=\"size-large wp-image-5474 alignnone\" src=\"http:\/\/paroquiagloria.org\/v2\/wp-content\/uploads\/2017\/04\/SE_com-maria_vertical_1000x1500-768x1024.jpg\" alt=\"SE_com maria_vertical_1000x1500\" width=\"768\" height=\"1024\" srcset=\"http:\/\/paroquiagloria.org\/v2\/wp-content\/uploads\/2017\/04\/SE_com-maria_vertical_1000x1500-768x1024.jpg 768w, http:\/\/paroquiagloria.org\/v2\/wp-content\/uploads\/2017\/04\/SE_com-maria_vertical_1000x1500-225x300.jpg 225w\" sizes=\"(max-width: 768px) 100vw, 768px\" \/><\/a><\/p>\n","protected":false},"excerpt":{"rendered":"<p>&nbsp; &nbsp; Ao longo do Tempo Pascal, neste espa\u00e7o de alegria at\u00e9 ao Pentecostes, queremos aprender na escola de Maria. Com ela, nesta Cinquentena, e n\u00e3o s\u00f3 no m\u00eas de Maio, queremos viver a alegria pascal que brota da santa noite da Ressurrei\u00e7\u00e3o: Cristo est\u00e1 vivo! Ele \u00e9 o nosso \u00fanico salvador! Em cada semana, [&hellip;]<\/p>\n","protected":false},"author":1,"featured_media":5473,"comment_status":"open","ping_status":"closed","sticky":false,"template":"","format":"standard","meta":{"ngg_post_thumbnail":0},"categories":[1,4,2,6,19],"tags":[],"_links":{"self":[{"href":"http:\/\/paroquiagloria.org\/v2\/index.php?rest_route=\/wp\/v2\/posts\/5472"}],"collection":[{"href":"http:\/\/paroquiagloria.org\/v2\/index.php?rest_route=\/wp\/v2\/posts"}],"about":[{"href":"http:\/\/paroquiagloria.org\/v2\/index.php?rest_route=\/wp\/v2\/types\/post"}],"author":[{"embeddable":true,"href":"http:\/\/paroquiagloria.org\/v2\/index.php?rest_route=\/wp\/v2\/users\/1"}],"replies":[{"embeddable":true,"href":"http:\/\/paroquiagloria.org\/v2\/index.php?rest_route=%2Fwp%2Fv2%2Fcomments&post=5472"}],"version-history":[{"count":1,"href":"http:\/\/paroquiagloria.org\/v2\/index.php?rest_route=\/wp\/v2\/posts\/5472\/revisions"}],"predecessor-version":[{"id":5475,"href":"http:\/\/paroquiagloria.org\/v2\/index.php?rest_route=\/wp\/v2\/posts\/5472\/revisions\/5475"}],"wp:featuredmedia":[{"embeddable":true,"href":"http:\/\/paroquiagloria.org\/v2\/index.php?rest_route=\/wp\/v2\/media\/5473"}],"wp:attachment":[{"href":"http:\/\/paroquiagloria.org\/v2\/index.php?rest_route=%2Fwp%2Fv2%2Fmedia&parent=5472"}],"wp:term":[{"taxonomy":"category","embeddable":true,"href":"http:\/\/paroquiagloria.org\/v2\/index.php?rest_route=%2Fwp%2Fv2%2Fcategories&post=5472"},{"taxonomy":"post_tag","embeddable":true,"href":"http:\/\/paroquiagloria.org\/v2\/index.php?rest_route=%2Fwp%2Fv2%2Ftags&post=5472"}],"curies":[{"name":"wp","href":"https:\/\/api.w.org\/{rel}","templated":true}]}}