{"id":5461,"date":"2017-04-15T19:13:36","date_gmt":"2017-04-15T19:13:36","guid":{"rendered":"http:\/\/paroquiagloria.org\/v2\/?p=5461"},"modified":"2017-04-15T19:13:36","modified_gmt":"2017-04-15T19:13:36","slug":"dois-dedos-de-liturgia-16","status":"publish","type":"post","link":"http:\/\/paroquiagloria.org\/v2\/?p=5461","title":{"rendered":"Dois dedos de Liturgia (16)"},"content":{"rendered":"<p>&nbsp;<\/p>\n<p style=\"text-align: justify;\"><a href=\"http:\/\/paroquiagloria.org\/v2\/wp-content\/uploads\/2017\/04\/vig\u00edliapascal.jpg\"><img loading=\"lazy\" class=\"alignnone size-full wp-image-5462\" src=\"http:\/\/paroquiagloria.org\/v2\/wp-content\/uploads\/2017\/04\/vig\u00edliapascal.jpg\" alt=\"vig\u00edliapascal\" width=\"640\" height=\"478\" srcset=\"http:\/\/paroquiagloria.org\/v2\/wp-content\/uploads\/2017\/04\/vig\u00edliapascal.jpg 640w, http:\/\/paroquiagloria.org\/v2\/wp-content\/uploads\/2017\/04\/vig\u00edliapascal-300x224.jpg 300w\" sizes=\"(max-width: 640px) 100vw, 640px\" \/><\/a><\/p>\n<h3><strong>&#8211; O terceiro dia do Tr\u00edduo Pascal come\u00e7a quando?<\/strong><\/h3>\n<p style=\"text-align: justify;\">\nA Vig\u00edlia Pascal na noite santa, depois do expectante sil\u00eancio de S\u00e1bado Santo, inicia o terceiro dia do Tr\u00edduo Pascal, que \u00e9 o Domingo de P\u00e1scoa da Ressurrei\u00e7\u00e3o do Senhor, em que se celebra a vit\u00f3ria de Cristo. Embora inicie no s\u00e1bado, nunca antes do p\u00f4r do sol, esta celebra\u00e7\u00e3o, que deve ter lugar \u00e0 noite, encerra e cumpre o Tr\u00edduo da Paix\u00e3o, Morte e Ressurrei\u00e7\u00e3o do Senhor.<br \/>\nTrata-se de uma celebra\u00e7\u00e3o especial. Santo Agostinho chamou-a &#8220;m\u00e3e de todas as vig\u00edlias&#8221;. \u00c9 composta por quatro grandes liturgias: liturgia da luz (lucern\u00e1rio), com a b\u00ean\u00e7\u00e3o do lume novo e o acender do c\u00edrio pascal; liturgia da Palavra, com sete leituras do Antigo Testamento e respectivos salmos, uma do Ap\u00f3stolo, ap\u00f3s o canto do Gl\u00f3ria, e o Evangelho, ap\u00f3s a festiva aclama\u00e7\u00e3o Aleluia, n\u00e3o ouvida durante toda a Quaresma; liturgia baptismal, quer haja ou n\u00e3o catec\u00famenos, com a b\u00ean\u00e7\u00e3o da \u00e1gua e a renova\u00e7\u00e3o das promessas baptismais; por fim, a liturgia eucar\u00edstica, que \u00e9 a primeira Missa do Domingo de P\u00e1scoa, que se comp\u00f5e ainda da Missa do Dia.<\/p>\n<p style=\"text-align: right;\">\n* envie as suas quest\u00f5es para doisdedosdeliturgia@gmail.com<\/p>\n","protected":false},"excerpt":{"rendered":"<p>&nbsp; &#8211; O terceiro dia do Tr\u00edduo Pascal come\u00e7a quando? A Vig\u00edlia Pascal na noite santa, depois do expectante sil\u00eancio de S\u00e1bado Santo, inicia o terceiro dia do Tr\u00edduo Pascal, que \u00e9 o Domingo de P\u00e1scoa da Ressurrei\u00e7\u00e3o do Senhor, em que se celebra a vit\u00f3ria de Cristo. Embora inicie no s\u00e1bado, nunca antes do [&hellip;]<\/p>\n","protected":false},"author":1,"featured_media":5095,"comment_status":"open","ping_status":"closed","sticky":false,"template":"","format":"standard","meta":{"ngg_post_thumbnail":0},"categories":[1,4,2,6,19],"tags":[],"_links":{"self":[{"href":"http:\/\/paroquiagloria.org\/v2\/index.php?rest_route=\/wp\/v2\/posts\/5461"}],"collection":[{"href":"http:\/\/paroquiagloria.org\/v2\/index.php?rest_route=\/wp\/v2\/posts"}],"about":[{"href":"http:\/\/paroquiagloria.org\/v2\/index.php?rest_route=\/wp\/v2\/types\/post"}],"author":[{"embeddable":true,"href":"http:\/\/paroquiagloria.org\/v2\/index.php?rest_route=\/wp\/v2\/users\/1"}],"replies":[{"embeddable":true,"href":"http:\/\/paroquiagloria.org\/v2\/index.php?rest_route=%2Fwp%2Fv2%2Fcomments&post=5461"}],"version-history":[{"count":1,"href":"http:\/\/paroquiagloria.org\/v2\/index.php?rest_route=\/wp\/v2\/posts\/5461\/revisions"}],"predecessor-version":[{"id":5463,"href":"http:\/\/paroquiagloria.org\/v2\/index.php?rest_route=\/wp\/v2\/posts\/5461\/revisions\/5463"}],"wp:featuredmedia":[{"embeddable":true,"href":"http:\/\/paroquiagloria.org\/v2\/index.php?rest_route=\/wp\/v2\/media\/5095"}],"wp:attachment":[{"href":"http:\/\/paroquiagloria.org\/v2\/index.php?rest_route=%2Fwp%2Fv2%2Fmedia&parent=5461"}],"wp:term":[{"taxonomy":"category","embeddable":true,"href":"http:\/\/paroquiagloria.org\/v2\/index.php?rest_route=%2Fwp%2Fv2%2Fcategories&post=5461"},{"taxonomy":"post_tag","embeddable":true,"href":"http:\/\/paroquiagloria.org\/v2\/index.php?rest_route=%2Fwp%2Fv2%2Ftags&post=5461"}],"curies":[{"name":"wp","href":"https:\/\/api.w.org\/{rel}","templated":true}]}}