{"id":5457,"date":"2017-04-15T19:12:14","date_gmt":"2017-04-15T19:12:14","guid":{"rendered":"http:\/\/paroquiagloria.org\/v2\/?p=5457"},"modified":"2017-04-15T19:12:14","modified_gmt":"2017-04-15T19:12:14","slug":"semana-da-partilha-felizes-os-que-sabem-partilhar","status":"publish","type":"post","link":"http:\/\/paroquiagloria.org\/v2\/?p=5457","title":{"rendered":"Semana da Partilha: Felizes os que sabem Partilhar!"},"content":{"rendered":"<p><a href=\"http:\/\/paroquiagloria.org\/v2\/wp-content\/uploads\/2017\/04\/felizesosquesabempartilhar.jpg\"><img loading=\"lazy\" class=\"size-large wp-image-5458 aligncenter\" src=\"http:\/\/paroquiagloria.org\/v2\/wp-content\/uploads\/2017\/04\/felizesosquesabempartilhar-1024x851.jpg\" alt=\"felizesosquesabempartilhar\" width=\"1024\" height=\"851\" srcset=\"http:\/\/paroquiagloria.org\/v2\/wp-content\/uploads\/2017\/04\/felizesosquesabempartilhar-1024x851.jpg 1024w, http:\/\/paroquiagloria.org\/v2\/wp-content\/uploads\/2017\/04\/felizesosquesabempartilhar-300x249.jpg 300w, http:\/\/paroquiagloria.org\/v2\/wp-content\/uploads\/2017\/04\/felizesosquesabempartilhar.jpg 1840w\" sizes=\"(max-width: 1024px) 100vw, 1024px\" \/><\/a><\/p>\n<p style=\"text-align: justify;\">Na semana de 22 a 30 de Abril, iremos, mais uma vez, viver a experi\u00eancia da Semana da Partilha, iniciada aquando da Miss\u00e3o Jubilar e que da\u00ed para c\u00e1 se tem constitu\u00eddo como a\u00e7\u00e3o congregadora da nossa comunidade. Com a finalidade de recolher bens aliment\u00edcios n\u00e3o perec\u00edveis, para distribuir pelas fam\u00edlias carenciadas da Par\u00f3quia, esta ac\u00e7\u00e3o ser\u00e1 coordenada especialmente pelas Confer\u00eancias Vicentinas. Haver\u00e1 um saco em papel com um convite \u00e0 partilha, que ser\u00e1 distribu\u00eddo a partir desta quinta-feira. A recolha ser\u00e1 feita em alguns locais e tamb\u00e9m pode ser entregue nas Eucaristias feriais ou dominicais.<br \/>\nContamos com a generosidade de todos para partilhar e tamb\u00e9m com a disponibilidade do maior n\u00famero de pessoas para a distribui\u00e7\u00e3o dos sacos e para a sua recolha.<br \/>\nEnglobada nesta ac\u00e7\u00e3o, os caminheiros de Vilar juntamente com S. Bernardo, realizam uma ac\u00e7\u00e3o de servi\u00e7o designada \u201cServir toca a todos\u201d, que reabilitar\u00e1 os muros do Patronato de Vilar e o campo de futebol junto \u00e0 sede. Convidam todos os interessados a levar para partilhar um bem alimentar n\u00e3o perec\u00edvel.<\/p>\n<p>&nbsp;<\/p>\n","protected":false},"excerpt":{"rendered":"<p>Na semana de 22 a 30 de Abril, iremos, mais uma vez, viver a experi\u00eancia da Semana da Partilha, iniciada aquando da Miss\u00e3o Jubilar e que da\u00ed para c\u00e1 se tem constitu\u00eddo como a\u00e7\u00e3o congregadora da nossa comunidade. Com a finalidade de recolher bens aliment\u00edcios n\u00e3o perec\u00edveis, para distribuir pelas fam\u00edlias carenciadas da Par\u00f3quia, esta [&hellip;]<\/p>\n","protected":false},"author":1,"featured_media":5459,"comment_status":"open","ping_status":"closed","sticky":false,"template":"","format":"standard","meta":{"ngg_post_thumbnail":0},"categories":[1,4,2,6,19],"tags":[],"_links":{"self":[{"href":"http:\/\/paroquiagloria.org\/v2\/index.php?rest_route=\/wp\/v2\/posts\/5457"}],"collection":[{"href":"http:\/\/paroquiagloria.org\/v2\/index.php?rest_route=\/wp\/v2\/posts"}],"about":[{"href":"http:\/\/paroquiagloria.org\/v2\/index.php?rest_route=\/wp\/v2\/types\/post"}],"author":[{"embeddable":true,"href":"http:\/\/paroquiagloria.org\/v2\/index.php?rest_route=\/wp\/v2\/users\/1"}],"replies":[{"embeddable":true,"href":"http:\/\/paroquiagloria.org\/v2\/index.php?rest_route=%2Fwp%2Fv2%2Fcomments&post=5457"}],"version-history":[{"count":1,"href":"http:\/\/paroquiagloria.org\/v2\/index.php?rest_route=\/wp\/v2\/posts\/5457\/revisions"}],"predecessor-version":[{"id":5460,"href":"http:\/\/paroquiagloria.org\/v2\/index.php?rest_route=\/wp\/v2\/posts\/5457\/revisions\/5460"}],"wp:featuredmedia":[{"embeddable":true,"href":"http:\/\/paroquiagloria.org\/v2\/index.php?rest_route=\/wp\/v2\/media\/5459"}],"wp:attachment":[{"href":"http:\/\/paroquiagloria.org\/v2\/index.php?rest_route=%2Fwp%2Fv2%2Fmedia&parent=5457"}],"wp:term":[{"taxonomy":"category","embeddable":true,"href":"http:\/\/paroquiagloria.org\/v2\/index.php?rest_route=%2Fwp%2Fv2%2Fcategories&post=5457"},{"taxonomy":"post_tag","embeddable":true,"href":"http:\/\/paroquiagloria.org\/v2\/index.php?rest_route=%2Fwp%2Fv2%2Ftags&post=5457"}],"curies":[{"name":"wp","href":"https:\/\/api.w.org\/{rel}","templated":true}]}}