{"id":5425,"date":"2017-04-08T18:43:03","date_gmt":"2017-04-08T18:43:03","guid":{"rendered":"http:\/\/paroquiagloria.org\/v2\/?p=5425"},"modified":"2017-04-08T18:43:03","modified_gmt":"2017-04-08T18:43:03","slug":"acolhimento-na-catedral","status":"publish","type":"post","link":"http:\/\/paroquiagloria.org\/v2\/?p=5425","title":{"rendered":"Acolhimento na Catedral"},"content":{"rendered":"<p><a href=\"http:\/\/paroquiagloria.org\/v2\/wp-content\/uploads\/2013\/01\/Catedral_de_Aveiro.jpg\"><img loading=\"lazy\" class=\"size-large wp-image-3702 aligncenter\" src=\"http:\/\/paroquiagloria.org\/v2\/wp-content\/uploads\/2013\/01\/Catedral_de_Aveiro-1024x691.jpg\" alt=\"Catedral_de_Aveiro\" width=\"1024\" height=\"691\" srcset=\"http:\/\/paroquiagloria.org\/v2\/wp-content\/uploads\/2013\/01\/Catedral_de_Aveiro-1024x691.jpg 1024w, http:\/\/paroquiagloria.org\/v2\/wp-content\/uploads\/2013\/01\/Catedral_de_Aveiro-300x203.jpg 300w, http:\/\/paroquiagloria.org\/v2\/wp-content\/uploads\/2013\/01\/Catedral_de_Aveiro-140x94.jpg 140w, http:\/\/paroquiagloria.org\/v2\/wp-content\/uploads\/2013\/01\/Catedral_de_Aveiro.jpg 1280w\" sizes=\"(max-width: 1024px) 100vw, 1024px\" \/><\/a><\/p>\n<p>&nbsp;<\/p>\n<p style=\"text-align: justify;\">Iniciamos na nossa igreja um servi\u00e7o de Acolhimento, tendo em conta especialmente os muitos turistas que nos visitam por estes dias. Este acolhimento ir\u00e1 continuar a fazer-se aos fins de semana em hor\u00e1rios previstos, e aceitamos volunt\u00e1rios para ajudar. Especialmente durante esta Semana Santa, teremos um volunt\u00e1rio que far\u00e1 o acolhimento de turistas e visitantes e orientar\u00e1 visitas guiadas \u00e0 Catedral em portugu\u00eas e em ingl\u00eas.<\/p>\n<p style=\"text-align: justify;\">\n<p>&nbsp;<\/p>\n","protected":false},"excerpt":{"rendered":"<p>&nbsp; Iniciamos na nossa igreja um servi\u00e7o de Acolhimento, tendo em conta especialmente os muitos turistas que nos visitam por estes dias. Este acolhimento ir\u00e1 continuar a fazer-se aos fins de semana em hor\u00e1rios previstos, e aceitamos volunt\u00e1rios para ajudar. Especialmente durante esta Semana Santa, teremos um volunt\u00e1rio que far\u00e1 o acolhimento de turistas e [&hellip;]<\/p>\n","protected":false},"author":1,"featured_media":4104,"comment_status":"open","ping_status":"closed","sticky":false,"template":"","format":"standard","meta":{"ngg_post_thumbnail":0},"categories":[1,4,2,6,19],"tags":[],"_links":{"self":[{"href":"http:\/\/paroquiagloria.org\/v2\/index.php?rest_route=\/wp\/v2\/posts\/5425"}],"collection":[{"href":"http:\/\/paroquiagloria.org\/v2\/index.php?rest_route=\/wp\/v2\/posts"}],"about":[{"href":"http:\/\/paroquiagloria.org\/v2\/index.php?rest_route=\/wp\/v2\/types\/post"}],"author":[{"embeddable":true,"href":"http:\/\/paroquiagloria.org\/v2\/index.php?rest_route=\/wp\/v2\/users\/1"}],"replies":[{"embeddable":true,"href":"http:\/\/paroquiagloria.org\/v2\/index.php?rest_route=%2Fwp%2Fv2%2Fcomments&post=5425"}],"version-history":[{"count":1,"href":"http:\/\/paroquiagloria.org\/v2\/index.php?rest_route=\/wp\/v2\/posts\/5425\/revisions"}],"predecessor-version":[{"id":5426,"href":"http:\/\/paroquiagloria.org\/v2\/index.php?rest_route=\/wp\/v2\/posts\/5425\/revisions\/5426"}],"wp:featuredmedia":[{"embeddable":true,"href":"http:\/\/paroquiagloria.org\/v2\/index.php?rest_route=\/wp\/v2\/media\/4104"}],"wp:attachment":[{"href":"http:\/\/paroquiagloria.org\/v2\/index.php?rest_route=%2Fwp%2Fv2%2Fmedia&parent=5425"}],"wp:term":[{"taxonomy":"category","embeddable":true,"href":"http:\/\/paroquiagloria.org\/v2\/index.php?rest_route=%2Fwp%2Fv2%2Fcategories&post=5425"},{"taxonomy":"post_tag","embeddable":true,"href":"http:\/\/paroquiagloria.org\/v2\/index.php?rest_route=%2Fwp%2Fv2%2Ftags&post=5425"}],"curies":[{"name":"wp","href":"https:\/\/api.w.org\/{rel}","templated":true}]}}