{"id":5407,"date":"2017-04-01T19:41:38","date_gmt":"2017-04-01T19:41:38","guid":{"rendered":"http:\/\/paroquiagloria.org\/v2\/?p=5407"},"modified":"2017-04-08T19:41:53","modified_gmt":"2017-04-08T19:41:53","slug":"ensaios-para-o-triduo-pascal","status":"publish","type":"post","link":"http:\/\/paroquiagloria.org\/v2\/?p=5407","title":{"rendered":"Ensaios para o Tr\u00edduo Pascal"},"content":{"rendered":"<p>&nbsp;<\/p>\n<p><a href=\"http:\/\/paroquiagloria.org\/v2\/wp-content\/uploads\/2016\/03\/banner_ensaios_SemanaSanta.jpg\"><img loading=\"lazy\" class=\"size-full wp-image-4213 aligncenter\" src=\"http:\/\/paroquiagloria.org\/v2\/wp-content\/uploads\/2016\/03\/banner_ensaios_SemanaSanta.jpg\" alt=\"banner_ensaios_SemanaSanta\" width=\"960\" height=\"450\" srcset=\"http:\/\/paroquiagloria.org\/v2\/wp-content\/uploads\/2016\/03\/banner_ensaios_SemanaSanta.jpg 960w, http:\/\/paroquiagloria.org\/v2\/wp-content\/uploads\/2016\/03\/banner_ensaios_SemanaSanta-300x141.jpg 300w\" sizes=\"(max-width: 960px) 100vw, 960px\" \/><\/a><\/p>\n<p style=\"text-align: justify;\">Os grupos corais da par\u00f3quia est\u00e3o convidados para os ensaios preparat\u00f3rios das celebra\u00e7\u00f5es do Tr\u00edduo Pascal. Ser\u00e3o os tr\u00eas \u00e0s 21h, na S\u00e9.<br \/>\n<strong>&#8211; 9 de Abril:<\/strong> ensaio para Sexta-feira Santa;<br \/>\n<strong>&#8211; 10 de Abril:<\/strong> ensaio para Quinta-feira Santa;<br \/>\n<strong>&#8211; 11 de Abril:<\/strong> ensaio para Vig\u00edlia Pascal.<\/p>\n<p>&nbsp;<\/p>\n<p>Em anexo\u00a0segue o <a href=\"http:\/\/paroquiagloria.org\/v2\/wp-content\/uploads\/2017\/04\/Semana_Santa_2017.pdf\" target=\"_blank\">programa de c\u00e2nticos<\/a>.<\/p>\n<p><span style=\"color: #ff0000;\"><strong>Est\u00e3o j\u00e1 dispon\u00edveis todas as partituras<\/strong><\/span> na \u00e1rea de <a href=\"http:\/\/paroquiagloria.org\/v2\/?page_id=274\" target=\"_blank\">Multim\u00e9dia &gt; Documentos &gt; C\u00e2nticos<\/a><\/p>\n","protected":false},"excerpt":{"rendered":"<p>&nbsp; Os grupos corais da par\u00f3quia est\u00e3o convidados para os ensaios preparat\u00f3rios das celebra\u00e7\u00f5es do Tr\u00edduo Pascal. Ser\u00e3o os tr\u00eas \u00e0s 21h, na S\u00e9. &#8211; 9 de Abril: ensaio para Sexta-feira Santa; &#8211; 10 de Abril: ensaio para Quinta-feira Santa; &#8211; 11 de Abril: ensaio para Vig\u00edlia Pascal. &nbsp; Em anexo\u00a0segue o programa de c\u00e2nticos. [&hellip;]<\/p>\n","protected":false},"author":1,"featured_media":4213,"comment_status":"open","ping_status":"closed","sticky":false,"template":"","format":"standard","meta":{"ngg_post_thumbnail":0},"categories":[1,4,2,6,19],"tags":[],"_links":{"self":[{"href":"http:\/\/paroquiagloria.org\/v2\/index.php?rest_route=\/wp\/v2\/posts\/5407"}],"collection":[{"href":"http:\/\/paroquiagloria.org\/v2\/index.php?rest_route=\/wp\/v2\/posts"}],"about":[{"href":"http:\/\/paroquiagloria.org\/v2\/index.php?rest_route=\/wp\/v2\/types\/post"}],"author":[{"embeddable":true,"href":"http:\/\/paroquiagloria.org\/v2\/index.php?rest_route=\/wp\/v2\/users\/1"}],"replies":[{"embeddable":true,"href":"http:\/\/paroquiagloria.org\/v2\/index.php?rest_route=%2Fwp%2Fv2%2Fcomments&post=5407"}],"version-history":[{"count":4,"href":"http:\/\/paroquiagloria.org\/v2\/index.php?rest_route=\/wp\/v2\/posts\/5407\/revisions"}],"predecessor-version":[{"id":5445,"href":"http:\/\/paroquiagloria.org\/v2\/index.php?rest_route=\/wp\/v2\/posts\/5407\/revisions\/5445"}],"wp:featuredmedia":[{"embeddable":true,"href":"http:\/\/paroquiagloria.org\/v2\/index.php?rest_route=\/wp\/v2\/media\/4213"}],"wp:attachment":[{"href":"http:\/\/paroquiagloria.org\/v2\/index.php?rest_route=%2Fwp%2Fv2%2Fmedia&parent=5407"}],"wp:term":[{"taxonomy":"category","embeddable":true,"href":"http:\/\/paroquiagloria.org\/v2\/index.php?rest_route=%2Fwp%2Fv2%2Fcategories&post=5407"},{"taxonomy":"post_tag","embeddable":true,"href":"http:\/\/paroquiagloria.org\/v2\/index.php?rest_route=%2Fwp%2Fv2%2Ftags&post=5407"}],"curies":[{"name":"wp","href":"https:\/\/api.w.org\/{rel}","templated":true}]}}