{"id":5402,"date":"2017-04-01T19:25:48","date_gmt":"2017-04-01T19:25:48","guid":{"rendered":"http:\/\/paroquiagloria.org\/v2\/?p=5402"},"modified":"2017-04-01T19:25:48","modified_gmt":"2017-04-01T19:25:48","slug":"dois-dedos-de-liturgia-14","status":"publish","type":"post","link":"http:\/\/paroquiagloria.org\/v2\/?p=5402","title":{"rendered":"Dois dedos de Liturgia (14)"},"content":{"rendered":"<p>&nbsp;<\/p>\n<p><a href=\"http:\/\/paroquiagloria.org\/v2\/wp-content\/uploads\/2016\/12\/canto-liturgico.jpg\"><img loading=\"lazy\" class=\"size-full wp-image-5094 aligncenter\" src=\"http:\/\/paroquiagloria.org\/v2\/wp-content\/uploads\/2016\/12\/canto-liturgico.jpg\" alt=\"canto-liturgico\" width=\"600\" height=\"447\" srcset=\"http:\/\/paroquiagloria.org\/v2\/wp-content\/uploads\/2016\/12\/canto-liturgico.jpg 600w, http:\/\/paroquiagloria.org\/v2\/wp-content\/uploads\/2016\/12\/canto-liturgico-300x224.jpg 300w\" sizes=\"(max-width: 600px) 100vw, 600px\" \/><\/a><\/p>\n<h4 style=\"text-align: center;\"><strong>&#8211; Qual a import\u00e2ncia da unidade nos gestos e atitudes corporais durante a celebra\u00e7\u00e3o?<\/strong><\/h4>\n<p>&nbsp;<\/p>\n<p style=\"text-align: justify;\">N\u00f3s n\u00e3o rezamos s\u00f3 com as palavras ou s\u00f3 com o pensamento, mas \u00e9 todo o nosso corpo que est\u00e1 envolvido quando nos dirigimos a Deus e rezamos com os irm\u00e3os. \u00c9 necess\u00e1rio, portanto, que o corpo participe atrav\u00e9s de gestos e movimentos e esteja em sintonia com as diversas atitudes da pessoa diante Deus &#8211; de s\u00faplica, de louvor, de perd\u00e3o, de aclama\u00e7\u00e3o, de paz, etc&#8230; &#8211; por isso, a ora\u00e7\u00e3o exige gestos simples e espont\u00e2neos mas tamb\u00e9m que sejam reveladores da comunh\u00e3o da mesma Assembleia. N\u00e3o se trata unicamente de executar ritos com precis\u00e3o ou de saber o exacto momento para levantar, para sentar, para ajoelhar, para inclinar profundamente, etc., mas antes toda uma ac\u00e7\u00e3o externa que deve ser realizada com respeito e seriedade de forma a que se possa revelar atrav\u00e9s do corpo os sentimentos de f\u00e9 interior de todos os que actuam na mesma celebra\u00e7\u00e3o. Portanto, a postura do corpo revela a atitude interior com que nos dispomos durante a celebra\u00e7\u00e3o. A unidade nos gestos comuns exprime a unidade dos fi\u00e9is na celebra\u00e7\u00e3o. Os gestos e atitudes corporais, tanto do sacerdote, do di\u00e1cono e dos ministros, como do povo, visam conseguir que toda a celebra\u00e7\u00e3o brilhe pela beleza e nobre simplicidade, que se compreenda a significa\u00e7\u00e3o verdadeira e plena das suas diversas partes e que se facilite a participa\u00e7\u00e3o de todos.<\/p>\n<p style=\"text-align: right;\">* envie as suas quest\u00f5es para doisdedosdeliturgia@gmail.com<\/p>\n","protected":false},"excerpt":{"rendered":"<p>&nbsp; &#8211; Qual a import\u00e2ncia da unidade nos gestos e atitudes corporais durante a celebra\u00e7\u00e3o? &nbsp; N\u00f3s n\u00e3o rezamos s\u00f3 com as palavras ou s\u00f3 com o pensamento, mas \u00e9 todo o nosso corpo que est\u00e1 envolvido quando nos dirigimos a Deus e rezamos com os irm\u00e3os. \u00c9 necess\u00e1rio, portanto, que o corpo participe atrav\u00e9s [&hellip;]<\/p>\n","protected":false},"author":1,"featured_media":5095,"comment_status":"open","ping_status":"closed","sticky":false,"template":"","format":"standard","meta":{"ngg_post_thumbnail":0},"categories":[1,4,2,6,19],"tags":[],"_links":{"self":[{"href":"http:\/\/paroquiagloria.org\/v2\/index.php?rest_route=\/wp\/v2\/posts\/5402"}],"collection":[{"href":"http:\/\/paroquiagloria.org\/v2\/index.php?rest_route=\/wp\/v2\/posts"}],"about":[{"href":"http:\/\/paroquiagloria.org\/v2\/index.php?rest_route=\/wp\/v2\/types\/post"}],"author":[{"embeddable":true,"href":"http:\/\/paroquiagloria.org\/v2\/index.php?rest_route=\/wp\/v2\/users\/1"}],"replies":[{"embeddable":true,"href":"http:\/\/paroquiagloria.org\/v2\/index.php?rest_route=%2Fwp%2Fv2%2Fcomments&post=5402"}],"version-history":[{"count":1,"href":"http:\/\/paroquiagloria.org\/v2\/index.php?rest_route=\/wp\/v2\/posts\/5402\/revisions"}],"predecessor-version":[{"id":5403,"href":"http:\/\/paroquiagloria.org\/v2\/index.php?rest_route=\/wp\/v2\/posts\/5402\/revisions\/5403"}],"wp:featuredmedia":[{"embeddable":true,"href":"http:\/\/paroquiagloria.org\/v2\/index.php?rest_route=\/wp\/v2\/media\/5095"}],"wp:attachment":[{"href":"http:\/\/paroquiagloria.org\/v2\/index.php?rest_route=%2Fwp%2Fv2%2Fmedia&parent=5402"}],"wp:term":[{"taxonomy":"category","embeddable":true,"href":"http:\/\/paroquiagloria.org\/v2\/index.php?rest_route=%2Fwp%2Fv2%2Fcategories&post=5402"},{"taxonomy":"post_tag","embeddable":true,"href":"http:\/\/paroquiagloria.org\/v2\/index.php?rest_route=%2Fwp%2Fv2%2Ftags&post=5402"}],"curies":[{"name":"wp","href":"https:\/\/api.w.org\/{rel}","templated":true}]}}