{"id":5399,"date":"2017-04-01T19:23:45","date_gmt":"2017-04-01T19:23:45","guid":{"rendered":"http:\/\/paroquiagloria.org\/v2\/?p=5399"},"modified":"2017-04-01T19:23:45","modified_gmt":"2017-04-01T19:23:45","slug":"sou-baptizado-sou-chamado-a-vida","status":"publish","type":"post","link":"http:\/\/paroquiagloria.org\/v2\/?p=5399","title":{"rendered":"&#8220;Sou baptizado, sou chamado&#8230; \u00e0 Vida&#8221;"},"content":{"rendered":"<p>&nbsp;<\/p>\n<p><a href=\"http:\/\/paroquiagloria.org\/v2\/wp-content\/uploads\/2017\/04\/banner_aVida.jpg\"><img loading=\"lazy\" class=\"size-full wp-image-5400 aligncenter\" src=\"http:\/\/paroquiagloria.org\/v2\/wp-content\/uploads\/2017\/04\/banner_aVida.jpg\" alt=\"banner_aVida\" width=\"960\" height=\"450\" srcset=\"http:\/\/paroquiagloria.org\/v2\/wp-content\/uploads\/2017\/04\/banner_aVida.jpg 960w, http:\/\/paroquiagloria.org\/v2\/wp-content\/uploads\/2017\/04\/banner_aVida-300x141.jpg 300w\" sizes=\"(max-width: 960px) 100vw, 960px\" \/><\/a><\/p>\n<h3>Caminhada da Quaresma &#8211; Ora\u00e7\u00e3o em Fam\u00edlia<\/h3>\n<p style=\"text-align: justify;\">Jesus replicou-lhe: &#8220;Eu n\u00e3o te disse que, se creres, ver\u00e1s a gl\u00f3ria de Deus?&#8221; Quando tiraram a pedra, Jesus, erguendo os olhos ao c\u00e9u, disse: &#8220;Pai, dou-te gra\u00e7as por me teres atendido. Eu j\u00e1 sabia que sempre me atendes, mas Eu disse isto por causa da gente que me rodeia, para que venham a crer que Tu me enviaste.&#8221; Dito isto, bradou com voz forte: &#8220;L\u00e1zaro, vem c\u00e1 para fora!&#8221; O que estava morto saiu de m\u00e3os e p\u00e9s atados com ligaduras e o rosto envolvido num sud\u00e1rio. Jesus disse-lhes: &#8220;Desligai-o e deixai-o andar.&#8221;<\/p>\n<p style=\"text-align: right;\"><em>(Ler Jo 11, 1-45)<\/em><\/p>\n<p><strong>A Palavra de Deus ensina-nos que\u2026<\/strong><br \/>\n&#8211; Jesus experimenta a dor, a tristeza e o sofrimento pela morte de um amigo.<br \/>\n&#8211; S\u00f3 Deus pode dar vida.<br \/>\n&#8211; Jesus \u00e9 a Ressurrei\u00e7\u00e3o: quem acredita nele viver\u00e1.<br \/>\n&#8211; A morte nunca tem a \u00faltima palavra. Nascemos para viver a vida como dom de Deus e morremos para ressuscitar um dia com Ele.<\/p>\n<p><strong>A Palavra de Deus convida-nos a rezar\u2026<\/strong><br \/>\nSenhor, agradecemos-te pelos amigos que nos deste. Com eles aprendemos a viver: animamo-nos quando estamos tristes; confiamos-lhes os nossos segredos e nos seus rostos vemos o que \u00e9 a fidelidade.<br \/>\nHoje queremos pedir-te pelos nossos amigos.<br \/>\nPara aprendermos juntos o valor da vida, para apreciarmos o valor de uma m\u00e3o amiga que nos ajuda a caminhar.<br \/>\nSenhor, louvado sejas pelo dom da vida!<\/p>\n<h4 style=\"text-align: center;\">Morte ou vida? F\u00e9 ou desespero? Jesus chama-te \u00e0 Vida<\/h4>\n<p><strong>1. VER: <\/strong><\/p>\n<p>Nos funerais \u00e9 raro ver crian\u00e7as. <em>N\u00e3o costumam ir porque: n\u00e3o entendem a morte, para n\u00e3o os fazer sofrer, porque os adultos n\u00e3o lhes sabem explicar ou porque tamb\u00e9m tem medo de falar deste tema?<\/em><\/p>\n<p><strong>2. JULGAR: <\/strong><\/p>\n<p>A amizade de Jesus com L\u00e1zaro, Marta e Maria devia ser muito grande. Por isso Jesus chora quando sabe da morte do amigo.<br \/>\n<em>Como encaras as situa\u00e7\u00f5es de dificuldade, de sofrimento e de doen\u00e7a: resignado ou com esperan\u00e7a? Refletes sobre a tua morte ou preferes n\u00e3o pensar nisso? Sabes distinguir ressurrei\u00e7\u00e3o de reencarna\u00e7\u00e3o? Ser\u00e3o a mesma coisa? Que nos promete Jesus?<\/em><\/p>\n<p><strong>3. AGIR: <\/strong><\/p>\n<p>N\u00e3o se pode ser crist\u00e3o sem acreditar na ressurrei\u00e7\u00e3o. Nem se pode ser crist\u00e3o sem dar valor \u00e0 vida.<br \/>\n<em>Como explicarias a uma crian\u00e7a o mist\u00e9rio\u00a0da ressurrei\u00e7\u00e3o? Como assumes o facto de a vida ser um dom de Deus?<\/em><\/p>\n<p>&nbsp;<\/p>\n<p>&nbsp;<\/p>\n","protected":false},"excerpt":{"rendered":"<p>&nbsp; Caminhada da Quaresma &#8211; Ora\u00e7\u00e3o em Fam\u00edlia Jesus replicou-lhe: &#8220;Eu n\u00e3o te disse que, se creres, ver\u00e1s a gl\u00f3ria de Deus?&#8221; Quando tiraram a pedra, Jesus, erguendo os olhos ao c\u00e9u, disse: &#8220;Pai, dou-te gra\u00e7as por me teres atendido. Eu j\u00e1 sabia que sempre me atendes, mas Eu disse isto por causa da gente [&hellip;]<\/p>\n","protected":false},"author":1,"featured_media":5400,"comment_status":"open","ping_status":"closed","sticky":false,"template":"","format":"standard","meta":{"ngg_post_thumbnail":0},"categories":[1,4,2,6,19],"tags":[],"_links":{"self":[{"href":"http:\/\/paroquiagloria.org\/v2\/index.php?rest_route=\/wp\/v2\/posts\/5399"}],"collection":[{"href":"http:\/\/paroquiagloria.org\/v2\/index.php?rest_route=\/wp\/v2\/posts"}],"about":[{"href":"http:\/\/paroquiagloria.org\/v2\/index.php?rest_route=\/wp\/v2\/types\/post"}],"author":[{"embeddable":true,"href":"http:\/\/paroquiagloria.org\/v2\/index.php?rest_route=\/wp\/v2\/users\/1"}],"replies":[{"embeddable":true,"href":"http:\/\/paroquiagloria.org\/v2\/index.php?rest_route=%2Fwp%2Fv2%2Fcomments&post=5399"}],"version-history":[{"count":1,"href":"http:\/\/paroquiagloria.org\/v2\/index.php?rest_route=\/wp\/v2\/posts\/5399\/revisions"}],"predecessor-version":[{"id":5401,"href":"http:\/\/paroquiagloria.org\/v2\/index.php?rest_route=\/wp\/v2\/posts\/5399\/revisions\/5401"}],"wp:featuredmedia":[{"embeddable":true,"href":"http:\/\/paroquiagloria.org\/v2\/index.php?rest_route=\/wp\/v2\/media\/5400"}],"wp:attachment":[{"href":"http:\/\/paroquiagloria.org\/v2\/index.php?rest_route=%2Fwp%2Fv2%2Fmedia&parent=5399"}],"wp:term":[{"taxonomy":"category","embeddable":true,"href":"http:\/\/paroquiagloria.org\/v2\/index.php?rest_route=%2Fwp%2Fv2%2Fcategories&post=5399"},{"taxonomy":"post_tag","embeddable":true,"href":"http:\/\/paroquiagloria.org\/v2\/index.php?rest_route=%2Fwp%2Fv2%2Ftags&post=5399"}],"curies":[{"name":"wp","href":"https:\/\/api.w.org\/{rel}","templated":true}]}}