{"id":5391,"date":"2017-03-25T18:04:29","date_gmt":"2017-03-25T18:04:29","guid":{"rendered":"http:\/\/paroquiagloria.org\/v2\/?p=5391"},"modified":"2017-03-25T18:04:29","modified_gmt":"2017-03-25T18:04:29","slug":"dois-dedos-de-liturgia-13","status":"publish","type":"post","link":"http:\/\/paroquiagloria.org\/v2\/?p=5391","title":{"rendered":"Dois dedos de Liturgia (13)"},"content":{"rendered":"<p><a href=\"http:\/\/paroquiagloria.org\/v2\/wp-content\/uploads\/2017\/03\/ITA_95281.jpg\"><img loading=\"lazy\" class=\"alignnone size-full wp-image-5392\" src=\"http:\/\/paroquiagloria.org\/v2\/wp-content\/uploads\/2017\/03\/ITA_95281.jpg\" alt=\"ITA_95281\" width=\"900\" height=\"599\" srcset=\"http:\/\/paroquiagloria.org\/v2\/wp-content\/uploads\/2017\/03\/ITA_95281.jpg 900w, http:\/\/paroquiagloria.org\/v2\/wp-content\/uploads\/2017\/03\/ITA_95281-300x200.jpg 300w, http:\/\/paroquiagloria.org\/v2\/wp-content\/uploads\/2017\/03\/ITA_95281-140x94.jpg 140w\" sizes=\"(max-width: 900px) 100vw, 900px\" \/><\/a><\/p>\n<p>&nbsp;<\/p>\n<h4 style=\"text-align: justify;\">&#8211; Quando e qual o motivo para utilizar na Liturgia a cor Rosa?<\/h4>\n<p style=\"text-align: justify;\">\nO Rosa utiliza-se nos pen\u00faltimos domingos do tempo da Quaresma e do tempo do Advento, os quais s\u00e3o conhecidos como \u201cDomingo da Alegria\u201d. Estes domingos consistem numa pausa prevista dentro do rito lit\u00fargico, para lembrar que a Alegria est\u00e1 a chegar, ou seja, uma grande festa est\u00e1 para acontecer. A Quaresma, tempo de prepara\u00e7\u00e3o para a P\u00e1scoa, \u00e9 composta por cinco domingos, sem contar o dos Ramos, sendo no quarto domingo, o Domingo Laetare. A Quaresma \u00e9 um tempo penitencial, de ora\u00e7\u00e3o, jejum e esmola, onde a cor lit\u00fargica predominante \u00e9 o roxo, todavia, temos no decorrer deste tempo, este momento de j\u00fabilo, onde a cor lit\u00fargica passa do roxo para o rosa, por causa da maior proximidade da solenidade da nossa salva\u00e7\u00e3o. O IV Domingo da Quaresma recebe este nome porque \u00e9 assim que come\u00e7a a Ant\u00edfona de Entrada da Eucaristia deste dia: \u201cLaetare, Ierusalem!\u201d (&#8220;Alegra-te Jerusal\u00e9m!&#8221;), conforme Isa\u00edas 66, 10-11.<\/p>\n<p style=\"text-align: right;\">* envie as suas quest\u00f5es para doisdedosdeliturgia@gmail.com<\/p>\n","protected":false},"excerpt":{"rendered":"<p>&nbsp; &#8211; Quando e qual o motivo para utilizar na Liturgia a cor Rosa? O Rosa utiliza-se nos pen\u00faltimos domingos do tempo da Quaresma e do tempo do Advento, os quais s\u00e3o conhecidos como \u201cDomingo da Alegria\u201d. Estes domingos consistem numa pausa prevista dentro do rito lit\u00fargico, para lembrar que a Alegria est\u00e1 a chegar, [&hellip;]<\/p>\n","protected":false},"author":1,"featured_media":5095,"comment_status":"open","ping_status":"closed","sticky":false,"template":"","format":"standard","meta":{"ngg_post_thumbnail":0},"categories":[1,4,2,6,19],"tags":[],"_links":{"self":[{"href":"http:\/\/paroquiagloria.org\/v2\/index.php?rest_route=\/wp\/v2\/posts\/5391"}],"collection":[{"href":"http:\/\/paroquiagloria.org\/v2\/index.php?rest_route=\/wp\/v2\/posts"}],"about":[{"href":"http:\/\/paroquiagloria.org\/v2\/index.php?rest_route=\/wp\/v2\/types\/post"}],"author":[{"embeddable":true,"href":"http:\/\/paroquiagloria.org\/v2\/index.php?rest_route=\/wp\/v2\/users\/1"}],"replies":[{"embeddable":true,"href":"http:\/\/paroquiagloria.org\/v2\/index.php?rest_route=%2Fwp%2Fv2%2Fcomments&post=5391"}],"version-history":[{"count":1,"href":"http:\/\/paroquiagloria.org\/v2\/index.php?rest_route=\/wp\/v2\/posts\/5391\/revisions"}],"predecessor-version":[{"id":5393,"href":"http:\/\/paroquiagloria.org\/v2\/index.php?rest_route=\/wp\/v2\/posts\/5391\/revisions\/5393"}],"wp:featuredmedia":[{"embeddable":true,"href":"http:\/\/paroquiagloria.org\/v2\/index.php?rest_route=\/wp\/v2\/media\/5095"}],"wp:attachment":[{"href":"http:\/\/paroquiagloria.org\/v2\/index.php?rest_route=%2Fwp%2Fv2%2Fmedia&parent=5391"}],"wp:term":[{"taxonomy":"category","embeddable":true,"href":"http:\/\/paroquiagloria.org\/v2\/index.php?rest_route=%2Fwp%2Fv2%2Fcategories&post=5391"},{"taxonomy":"post_tag","embeddable":true,"href":"http:\/\/paroquiagloria.org\/v2\/index.php?rest_route=%2Fwp%2Fv2%2Ftags&post=5391"}],"curies":[{"name":"wp","href":"https:\/\/api.w.org\/{rel}","templated":true}]}}