{"id":5387,"date":"2017-03-25T18:00:00","date_gmt":"2017-03-25T18:00:00","guid":{"rendered":"http:\/\/paroquiagloria.org\/v2\/?p=5387"},"modified":"2017-03-25T18:00:00","modified_gmt":"2017-03-25T18:00:00","slug":"renuncia-quaresmal-2","status":"publish","type":"post","link":"http:\/\/paroquiagloria.org\/v2\/?p=5387","title":{"rendered":"Ren\u00fancia Quaresmal"},"content":{"rendered":"<p><a href=\"http:\/\/paroquiagloria.org\/v2\/wp-content\/uploads\/2017\/03\/quaresma_e_pascoa2.jpg\"><img loading=\"lazy\" class=\"alignnone size-full wp-image-5388\" src=\"http:\/\/paroquiagloria.org\/v2\/wp-content\/uploads\/2017\/03\/quaresma_e_pascoa2.jpg\" alt=\"quaresma_e_pascoa2\" width=\"990\" height=\"260\" srcset=\"http:\/\/paroquiagloria.org\/v2\/wp-content\/uploads\/2017\/03\/quaresma_e_pascoa2.jpg 990w, http:\/\/paroquiagloria.org\/v2\/wp-content\/uploads\/2017\/03\/quaresma_e_pascoa2-300x79.jpg 300w\" sizes=\"(max-width: 990px) 100vw, 990px\" \/><\/a><\/p>\n<p>&nbsp;<\/p>\n<p>A nossa Ren\u00fancia Quaresmal ser\u00e1 destinada a: uma metade para as crian\u00e7as pobres do Sud\u00e3o do Sul e a outra metade para implementa\u00e7\u00e3o de percursos de forma\u00e7\u00e3o crist\u00e3 \u00a0na diocese. Com o Di\u00e1logo segue o subscrito para o efeito.<\/p>\n","protected":false},"excerpt":{"rendered":"<p>&nbsp; A nossa Ren\u00fancia Quaresmal ser\u00e1 destinada a: uma metade para as crian\u00e7as pobres do Sud\u00e3o do Sul e a outra metade para implementa\u00e7\u00e3o de percursos de forma\u00e7\u00e3o crist\u00e3 \u00a0na diocese. Com o Di\u00e1logo segue o subscrito para o efeito.<\/p>\n","protected":false},"author":1,"featured_media":5389,"comment_status":"open","ping_status":"closed","sticky":false,"template":"","format":"standard","meta":{"ngg_post_thumbnail":0},"categories":[1,4,2,6,19],"tags":[],"_links":{"self":[{"href":"http:\/\/paroquiagloria.org\/v2\/index.php?rest_route=\/wp\/v2\/posts\/5387"}],"collection":[{"href":"http:\/\/paroquiagloria.org\/v2\/index.php?rest_route=\/wp\/v2\/posts"}],"about":[{"href":"http:\/\/paroquiagloria.org\/v2\/index.php?rest_route=\/wp\/v2\/types\/post"}],"author":[{"embeddable":true,"href":"http:\/\/paroquiagloria.org\/v2\/index.php?rest_route=\/wp\/v2\/users\/1"}],"replies":[{"embeddable":true,"href":"http:\/\/paroquiagloria.org\/v2\/index.php?rest_route=%2Fwp%2Fv2%2Fcomments&post=5387"}],"version-history":[{"count":1,"href":"http:\/\/paroquiagloria.org\/v2\/index.php?rest_route=\/wp\/v2\/posts\/5387\/revisions"}],"predecessor-version":[{"id":5390,"href":"http:\/\/paroquiagloria.org\/v2\/index.php?rest_route=\/wp\/v2\/posts\/5387\/revisions\/5390"}],"wp:featuredmedia":[{"embeddable":true,"href":"http:\/\/paroquiagloria.org\/v2\/index.php?rest_route=\/wp\/v2\/media\/5389"}],"wp:attachment":[{"href":"http:\/\/paroquiagloria.org\/v2\/index.php?rest_route=%2Fwp%2Fv2%2Fmedia&parent=5387"}],"wp:term":[{"taxonomy":"category","embeddable":true,"href":"http:\/\/paroquiagloria.org\/v2\/index.php?rest_route=%2Fwp%2Fv2%2Fcategories&post=5387"},{"taxonomy":"post_tag","embeddable":true,"href":"http:\/\/paroquiagloria.org\/v2\/index.php?rest_route=%2Fwp%2Fv2%2Ftags&post=5387"}],"curies":[{"name":"wp","href":"https:\/\/api.w.org\/{rel}","templated":true}]}}