{"id":5367,"date":"2017-03-19T18:05:55","date_gmt":"2017-03-19T18:05:55","guid":{"rendered":"http:\/\/paroquiagloria.org\/v2\/?p=5367"},"modified":"2017-03-19T18:05:55","modified_gmt":"2017-03-19T18:05:55","slug":"dois-dedos-de-liturgia-12","status":"publish","type":"post","link":"http:\/\/paroquiagloria.org\/v2\/?p=5367","title":{"rendered":"Dois dedos de Liturgia (12)"},"content":{"rendered":"<p><a href=\"http:\/\/paroquiagloria.org\/v2\/wp-content\/uploads\/2017\/03\/Quaresmaroxo.jpg\"><img loading=\"lazy\" class=\"size-full wp-image-5368 aligncenter\" src=\"http:\/\/paroquiagloria.org\/v2\/wp-content\/uploads\/2017\/03\/Quaresmaroxo.jpg\" alt=\"Quaresmaroxo\" width=\"620\" height=\"476\" srcset=\"http:\/\/paroquiagloria.org\/v2\/wp-content\/uploads\/2017\/03\/Quaresmaroxo.jpg 620w, http:\/\/paroquiagloria.org\/v2\/wp-content\/uploads\/2017\/03\/Quaresmaroxo-300x230.jpg 300w\" sizes=\"(max-width: 620px) 100vw, 620px\" \/><\/a><\/p>\n<p><strong>&#8211; Porque \u00e9 que a cor Roxa \u00e9 a cor predominante no Tempo da Quaresma?<\/strong><br \/>\nBranco, vermelho, verde, roxo, azul, preto e rosa. S\u00e3o estas as cores usadas na liturgia da Igreja e foram fixadas no s\u00e9culo XII.<br \/>\nAs diferentes cores das vestes e alfaias lit\u00fargicas visam manifestar externamente o car\u00e1cter dos mist\u00e9rios que ao longo do ano v\u00e3o sendo celebrados e tamb\u00e9m a consci\u00eancia de uma vida crist\u00e3 que progride com o desenrolar do pr\u00f3prio Ano Lit\u00fargico.<br \/>\nO Roxo na Quaresma refere-se a uma profunda interioriza\u00e7\u00e3o num tempo de penit\u00eancia e convers\u00e3o, de jejum e ora\u00e7\u00e3o. \u00c9 tamb\u00e9m uma espera por um grande acontecimento, que nos convoca a uma prepara\u00e7\u00e3o adequada. Manifesta um tempo de aprofundamento espiritual, em uni\u00e3o com a Igreja inteira, que se prepara para a celebra\u00e7\u00e3o do mist\u00e9rio pascal. Todos os anos, a exemplo de Cristo, o povo crist\u00e3o, num esfor\u00e7o renovado, retoma a luta contra as fragilidades para que \u00e9 impelido, na esperan\u00e7a jubilosa da P\u00e1scoa!<\/p>\n<p style=\"text-align: right;\">\n* envie as suas quest\u00f5es para doisdedosdeliturgia@gmail.com<\/p>\n","protected":false},"excerpt":{"rendered":"<p>&#8211; Porque \u00e9 que a cor Roxa \u00e9 a cor predominante no Tempo da Quaresma? Branco, vermelho, verde, roxo, azul, preto e rosa. S\u00e3o estas as cores usadas na liturgia da Igreja e foram fixadas no s\u00e9culo XII. As diferentes cores das vestes e alfaias lit\u00fargicas visam manifestar externamente o car\u00e1cter dos mist\u00e9rios que ao [&hellip;]<\/p>\n","protected":false},"author":1,"featured_media":5095,"comment_status":"open","ping_status":"closed","sticky":false,"template":"","format":"standard","meta":{"ngg_post_thumbnail":0},"categories":[1,4,2,6,19],"tags":[],"_links":{"self":[{"href":"http:\/\/paroquiagloria.org\/v2\/index.php?rest_route=\/wp\/v2\/posts\/5367"}],"collection":[{"href":"http:\/\/paroquiagloria.org\/v2\/index.php?rest_route=\/wp\/v2\/posts"}],"about":[{"href":"http:\/\/paroquiagloria.org\/v2\/index.php?rest_route=\/wp\/v2\/types\/post"}],"author":[{"embeddable":true,"href":"http:\/\/paroquiagloria.org\/v2\/index.php?rest_route=\/wp\/v2\/users\/1"}],"replies":[{"embeddable":true,"href":"http:\/\/paroquiagloria.org\/v2\/index.php?rest_route=%2Fwp%2Fv2%2Fcomments&post=5367"}],"version-history":[{"count":1,"href":"http:\/\/paroquiagloria.org\/v2\/index.php?rest_route=\/wp\/v2\/posts\/5367\/revisions"}],"predecessor-version":[{"id":5369,"href":"http:\/\/paroquiagloria.org\/v2\/index.php?rest_route=\/wp\/v2\/posts\/5367\/revisions\/5369"}],"wp:featuredmedia":[{"embeddable":true,"href":"http:\/\/paroquiagloria.org\/v2\/index.php?rest_route=\/wp\/v2\/media\/5095"}],"wp:attachment":[{"href":"http:\/\/paroquiagloria.org\/v2\/index.php?rest_route=%2Fwp%2Fv2%2Fmedia&parent=5367"}],"wp:term":[{"taxonomy":"category","embeddable":true,"href":"http:\/\/paroquiagloria.org\/v2\/index.php?rest_route=%2Fwp%2Fv2%2Fcategories&post=5367"},{"taxonomy":"post_tag","embeddable":true,"href":"http:\/\/paroquiagloria.org\/v2\/index.php?rest_route=%2Fwp%2Fv2%2Ftags&post=5367"}],"curies":[{"name":"wp","href":"https:\/\/api.w.org\/{rel}","templated":true}]}}