{"id":5344,"date":"2017-03-11T19:00:10","date_gmt":"2017-03-11T19:00:10","guid":{"rendered":"http:\/\/paroquiagloria.org\/v2\/?p=5344"},"modified":"2017-03-11T19:03:07","modified_gmt":"2017-03-11T19:03:07","slug":"encontro-de-liturgia","status":"publish","type":"post","link":"http:\/\/paroquiagloria.org\/v2\/?p=5344","title":{"rendered":"Encontro de Liturgia"},"content":{"rendered":"<p><a href=\"http:\/\/paroquiagloria.org\/v2\/wp-content\/uploads\/2017\/03\/cartaz_2EDPL.jpg\"><img loading=\"lazy\" class=\"size-full wp-image-5347 aligncenter\" src=\"http:\/\/paroquiagloria.org\/v2\/wp-content\/uploads\/2017\/03\/cartaz_2EDPL.jpg\" alt=\"cartaz_2EDPL\" width=\"508\" height=\"720\" srcset=\"http:\/\/paroquiagloria.org\/v2\/wp-content\/uploads\/2017\/03\/cartaz_2EDPL.jpg 508w, http:\/\/paroquiagloria.org\/v2\/wp-content\/uploads\/2017\/03\/cartaz_2EDPL-212x300.jpg 212w\" sizes=\"(max-width: 508px) 100vw, 508px\" \/><\/a><\/p>\n<p>&nbsp;<\/p>\n<p style=\"text-align: justify;\">No pr\u00f3ximo s\u00e1bado, dia 18, decorre o II Encontro Diocesano de Pastoral Lit\u00fargica, com o lema A LITURGIA: CELEBRA\u00c7\u00c3O DA ESPERAN\u00c7A. Ser\u00e1 na par\u00f3quia da Costa Nova a partir das 9h30, concluindo com a Eucaristia presidida pelo Bispo diocesano, \u00e0s 16h, na qual far\u00e1 a nomea\u00e7\u00e3o dos novos ministros extraordin\u00e1rios da comunh\u00e3o. Este encontro destina-se especialmente aos v\u00e1rios ministros da pastoral lit\u00fargica, entre eles os ac\u00f3litos que realizam tamb\u00e9m o II encontro diocesano. A inscri\u00e7\u00e3o \u00e9 gratuita mas necess\u00e1ria at\u00e9 ao dia 15, para o e-mail do secretariado diocesano (liturgia@diocese-aveiro.pt).<\/p>\n<p style=\"text-align: justify;\"><a href=\"http:\/\/paroquiagloria.org\/v2\/wp-content\/uploads\/2017\/03\/SDL-01-2017.pdf\" target=\"_blank\">programa<\/a> | \u00a0 <a href=\"http:\/\/paroquiagloria.org\/v2\/wp-content\/uploads\/2017\/03\/SDL-inscricao.pdf\" target=\"_blank\">ficha de inscri\u00e7\u00e3o colectiva<\/a><\/p>\n<p style=\"text-align: justify;\">mais informa\u00e7\u00f5es <a href=\"http:\/\/diocese-aveiro.pt\/liturgia\/index.php\/2017\/03\/03\/710\/\" target=\"_blank\">AQUI<\/a><\/p>\n","protected":false},"excerpt":{"rendered":"<p>&nbsp; No pr\u00f3ximo s\u00e1bado, dia 18, decorre o II Encontro Diocesano de Pastoral Lit\u00fargica, com o lema A LITURGIA: CELEBRA\u00c7\u00c3O DA ESPERAN\u00c7A. Ser\u00e1 na par\u00f3quia da Costa Nova a partir das 9h30, concluindo com a Eucaristia presidida pelo Bispo diocesano, \u00e0s 16h, na qual far\u00e1 a nomea\u00e7\u00e3o dos novos ministros extraordin\u00e1rios da comunh\u00e3o. Este encontro [&hellip;]<\/p>\n","protected":false},"author":1,"featured_media":5348,"comment_status":"open","ping_status":"closed","sticky":false,"template":"","format":"standard","meta":{"ngg_post_thumbnail":0},"categories":[1,4,2,6,19],"tags":[],"_links":{"self":[{"href":"http:\/\/paroquiagloria.org\/v2\/index.php?rest_route=\/wp\/v2\/posts\/5344"}],"collection":[{"href":"http:\/\/paroquiagloria.org\/v2\/index.php?rest_route=\/wp\/v2\/posts"}],"about":[{"href":"http:\/\/paroquiagloria.org\/v2\/index.php?rest_route=\/wp\/v2\/types\/post"}],"author":[{"embeddable":true,"href":"http:\/\/paroquiagloria.org\/v2\/index.php?rest_route=\/wp\/v2\/users\/1"}],"replies":[{"embeddable":true,"href":"http:\/\/paroquiagloria.org\/v2\/index.php?rest_route=%2Fwp%2Fv2%2Fcomments&post=5344"}],"version-history":[{"count":2,"href":"http:\/\/paroquiagloria.org\/v2\/index.php?rest_route=\/wp\/v2\/posts\/5344\/revisions"}],"predecessor-version":[{"id":5350,"href":"http:\/\/paroquiagloria.org\/v2\/index.php?rest_route=\/wp\/v2\/posts\/5344\/revisions\/5350"}],"wp:featuredmedia":[{"embeddable":true,"href":"http:\/\/paroquiagloria.org\/v2\/index.php?rest_route=\/wp\/v2\/media\/5348"}],"wp:attachment":[{"href":"http:\/\/paroquiagloria.org\/v2\/index.php?rest_route=%2Fwp%2Fv2%2Fmedia&parent=5344"}],"wp:term":[{"taxonomy":"category","embeddable":true,"href":"http:\/\/paroquiagloria.org\/v2\/index.php?rest_route=%2Fwp%2Fv2%2Fcategories&post=5344"},{"taxonomy":"post_tag","embeddable":true,"href":"http:\/\/paroquiagloria.org\/v2\/index.php?rest_route=%2Fwp%2Fv2%2Ftags&post=5344"}],"curies":[{"name":"wp","href":"https:\/\/api.w.org\/{rel}","templated":true}]}}