{"id":5339,"date":"2017-03-11T18:48:52","date_gmt":"2017-03-11T18:48:52","guid":{"rendered":"http:\/\/paroquiagloria.org\/v2\/?p=5339"},"modified":"2017-03-11T18:48:52","modified_gmt":"2017-03-11T18:48:52","slug":"24-horas-para-o-senhor-2","status":"publish","type":"post","link":"http:\/\/paroquiagloria.org\/v2\/?p=5339","title":{"rendered":"24 horas para o Senhor"},"content":{"rendered":"<p>&nbsp;<\/p>\n<p><a href=\"http:\/\/paroquiagloria.org\/v2\/wp-content\/uploads\/2017\/03\/24hparaoSenhor_2017.png\"><img loading=\"lazy\" class=\"size-full wp-image-5340 aligncenter\" src=\"http:\/\/paroquiagloria.org\/v2\/wp-content\/uploads\/2017\/03\/24hparaoSenhor_2017.png\" alt=\"24hparaoSenhor_2017\" width=\"960\" height=\"720\" srcset=\"http:\/\/paroquiagloria.org\/v2\/wp-content\/uploads\/2017\/03\/24hparaoSenhor_2017.png 960w, http:\/\/paroquiagloria.org\/v2\/wp-content\/uploads\/2017\/03\/24hparaoSenhor_2017-300x225.png 300w\" sizes=\"(max-width: 960px) 100vw, 960px\" \/><\/a><\/p>\n<p>&nbsp;<\/p>\n<p style=\"text-align: justify;\">De <strong>24 para 25 de Mar\u00e7o, a igreja matriz de Aradas, em Verdemilho<\/strong>, acolhe, no nosso arciprestado, a jornada de ora\u00e7\u00e3o e reconcilia\u00e7\u00e3o chamada &#8220;<strong>24 horas para o Senhor<\/strong>&#8220;, convocada pelo Papa Francisco. Come\u00e7ar\u00e1 com missa \u00e0s 21h e cada par\u00f3quia e alguns grupos ficam respons\u00e1veis pela dinamiza\u00e7\u00e3o da ora\u00e7\u00e3o de adora\u00e7\u00e3o ao Sant\u00edssimo Sacramento. A nossa par\u00f3quia estar\u00e1 \u00e0s 14h do dia 25, s\u00e1bado. Os jovens da catequese est\u00e3o convocados neste \u00e2mbito para um encontro que se realiza entre as 20h30 de sexta at\u00e9 \u00e0s 02h de s\u00e1bado.<\/p>\n","protected":false},"excerpt":{"rendered":"<p>&nbsp; &nbsp; De 24 para 25 de Mar\u00e7o, a igreja matriz de Aradas, em Verdemilho, acolhe, no nosso arciprestado, a jornada de ora\u00e7\u00e3o e reconcilia\u00e7\u00e3o chamada &#8220;24 horas para o Senhor&#8220;, convocada pelo Papa Francisco. Come\u00e7ar\u00e1 com missa \u00e0s 21h e cada par\u00f3quia e alguns grupos ficam respons\u00e1veis pela dinamiza\u00e7\u00e3o da ora\u00e7\u00e3o de adora\u00e7\u00e3o ao [&hellip;]<\/p>\n","protected":false},"author":1,"featured_media":5342,"comment_status":"open","ping_status":"closed","sticky":false,"template":"","format":"standard","meta":{"ngg_post_thumbnail":0},"categories":[1,4,2,6,19],"tags":[],"_links":{"self":[{"href":"http:\/\/paroquiagloria.org\/v2\/index.php?rest_route=\/wp\/v2\/posts\/5339"}],"collection":[{"href":"http:\/\/paroquiagloria.org\/v2\/index.php?rest_route=\/wp\/v2\/posts"}],"about":[{"href":"http:\/\/paroquiagloria.org\/v2\/index.php?rest_route=\/wp\/v2\/types\/post"}],"author":[{"embeddable":true,"href":"http:\/\/paroquiagloria.org\/v2\/index.php?rest_route=\/wp\/v2\/users\/1"}],"replies":[{"embeddable":true,"href":"http:\/\/paroquiagloria.org\/v2\/index.php?rest_route=%2Fwp%2Fv2%2Fcomments&post=5339"}],"version-history":[{"count":1,"href":"http:\/\/paroquiagloria.org\/v2\/index.php?rest_route=\/wp\/v2\/posts\/5339\/revisions"}],"predecessor-version":[{"id":5343,"href":"http:\/\/paroquiagloria.org\/v2\/index.php?rest_route=\/wp\/v2\/posts\/5339\/revisions\/5343"}],"wp:featuredmedia":[{"embeddable":true,"href":"http:\/\/paroquiagloria.org\/v2\/index.php?rest_route=\/wp\/v2\/media\/5342"}],"wp:attachment":[{"href":"http:\/\/paroquiagloria.org\/v2\/index.php?rest_route=%2Fwp%2Fv2%2Fmedia&parent=5339"}],"wp:term":[{"taxonomy":"category","embeddable":true,"href":"http:\/\/paroquiagloria.org\/v2\/index.php?rest_route=%2Fwp%2Fv2%2Fcategories&post=5339"},{"taxonomy":"post_tag","embeddable":true,"href":"http:\/\/paroquiagloria.org\/v2\/index.php?rest_route=%2Fwp%2Fv2%2Ftags&post=5339"}],"curies":[{"name":"wp","href":"https:\/\/api.w.org\/{rel}","templated":true}]}}