{"id":5332,"date":"2017-03-11T17:52:34","date_gmt":"2017-03-11T17:52:34","guid":{"rendered":"http:\/\/paroquiagloria.org\/v2\/?p=5332"},"modified":"2017-03-11T18:42:16","modified_gmt":"2017-03-11T18:42:16","slug":"5332","status":"publish","type":"post","link":"http:\/\/paroquiagloria.org\/v2\/?p=5332","title":{"rendered":"Caminhada da Quaresma &#8211; Ora\u00e7\u00e3o em Fam\u00edlia"},"content":{"rendered":"<h2>&#8220;Sou baptizado, sou chamado&#8230; a CONTEMPLAR&#8221;<\/h2>\n<p><a href=\"http:\/\/paroquiagloria.org\/v2\/wp-content\/uploads\/2017\/03\/Banner_2dtq_caminhada.jpg\"><img loading=\"lazy\" class=\"alignnone size-full wp-image-5333\" src=\"http:\/\/paroquiagloria.org\/v2\/wp-content\/uploads\/2017\/03\/Banner_2dtq_caminhada.jpg\" alt=\"Banner_2dtq_caminhada\" width=\"960\" height=\"450\" srcset=\"http:\/\/paroquiagloria.org\/v2\/wp-content\/uploads\/2017\/03\/Banner_2dtq_caminhada.jpg 960w, http:\/\/paroquiagloria.org\/v2\/wp-content\/uploads\/2017\/03\/Banner_2dtq_caminhada-300x141.jpg 300w\" sizes=\"(max-width: 960px) 100vw, 960px\" \/><\/a><\/p>\n<p style=\"text-align: justify;\">Jesus tomou consigo Pedro, Tiago e Jo\u00e3o seu irm\u00e3o e levou-os, em particular, a um alto monte e transfigurou-Se diante deles: o seu rosto ficou resplandecente como o sol e as suas vestes tornaram-se brancas como a luz. E apareceram Mois\u00e9s e Elias a falar com Ele. (&#8230;) Uma nuvem luminosa cobriu-os com a sua sombra e da nuvem uma voz dizia: &#8220;Este \u00e9 o meu Filho muito amado, no qual pus toda a minha complac\u00eancia. Escutai-O&#8221;.<\/p>\n<p style=\"text-align: right;\"><em>(<\/em>Ler<em> Mt 17, 1-9)<\/em><\/p>\n<p><a href=\"http:\/\/paroquiagloria.org\/v2\/wp-content\/uploads\/2017\/03\/CRISTO-TRANSFIGURADO.jpg\"><img loading=\"lazy\" class=\"size-full wp-image-5334 aligncenter\" src=\"http:\/\/paroquiagloria.org\/v2\/wp-content\/uploads\/2017\/03\/CRISTO-TRANSFIGURADO.jpg\" alt=\"CRISTO TRANSFIGURADO\" width=\"463\" height=\"519\" srcset=\"http:\/\/paroquiagloria.org\/v2\/wp-content\/uploads\/2017\/03\/CRISTO-TRANSFIGURADO.jpg 463w, http:\/\/paroquiagloria.org\/v2\/wp-content\/uploads\/2017\/03\/CRISTO-TRANSFIGURADO-268x300.jpg 268w\" sizes=\"(max-width: 463px) 100vw, 463px\" \/><\/a><\/p>\n<p><strong>A Palavra de Deus ensina-nos que\u2026<\/strong><\/p>\n<p style=\"padding-left: 30px;\">Jesus partilha um momento de ora\u00e7\u00e3o com tr\u00eas dos seus disc\u00edpulos mais pr\u00f3ximos, no alto de um monte.<br \/>\nAli, mostra-se glorioso (atrav\u00e9s do sinal das roupas brilhantes) na companhia de Elias e Mois\u00e9s, grandes personagens do Antigo Testamento.<br \/>\nA voz de Deus \u00e9 um claro ensinamento para os disc\u00edpulos: escutar Jesus, aprender com ele.<\/p>\n<p><strong>A Palavra de Deus convida-nos a rezar\u2026<\/strong><\/p>\n<p style=\"padding-left: 30px;\">Quero escutar-te, Senhor, de todo o cora\u00e7\u00e3o.<br \/>\nAs tuas palavras v\u00e3o ao fundo do meu cora\u00e7\u00e3o<br \/>\ne ajudam-me a pensar e a refletir a minha vida.<br \/>\nAs tuas palavras ensinam-me como deve ser a minha vida de cada dia.<br \/>\nAs tuas palavras, Senhor, ajudam-me a descobrir<br \/>\no que queres de mim e o caminho a seguir.<br \/>\nEu confio em ti, Senhor, eu confio na tua palavra.<\/p>\n<h3><strong>Jesus retira-se para rezar! Aprende a CONTEMPLAR<\/strong><\/h3>\n<p><strong>1. VER: Uma caminhada com os amigos<\/strong><br \/>\nEst\u00e3o na moda as caminhadas. Algumas vezes convocadas pelo telem\u00f3vel, ir a um s\u00edtio especial.<br \/>\n<em>Porque \u00e9 que s\u00e3o t\u00e3o populares estas caminhas e encontros e adere tanta gente?<\/em><\/p>\n<p><strong>2. JULGAR: Uma caminhada nas alturas<\/strong><br \/>\nJesus convoca alguns amigos. Quer fortalec\u00ea-los na f\u00e9, antes de entrar em Jerusal\u00e9m, onde se adivinham dificuldades.<br \/>\nO que acontece no alto desse monte? Pedro sente-se bem, porqu\u00ea? Que responde Jesus?<br \/>\nJesus quer dizer-nos que \u00e9 preciso rezar, entrar em sintonia com Deus, deixar o ru\u00eddo do dia-\u00e0-dia e escutar a voz de Deus.<br \/>\n<em>Que podes fazer para melhorar essa sintonia com Deus? Que nos prop\u00f5e Jesus?<\/em><\/p>\n<p><strong>3. AGIR: Na Quaresma, tira tempo para rezar<\/strong><br \/>\nFazer sil\u00eancio, escutar a Palavra de Deus (a m\u00fasica de Jesus), deixar que os nossos olhos se iluminem, sentir-se bem, feliz e olhar a vida com os olhos de Deus. E voltar \u00e0 vida fazendo o que descobrimos na ora\u00e7\u00e3o.<br \/>\n<em>Que podes fazer nesta Quaresma para melhorar a tua ora\u00e7\u00e3o?<\/em><\/p>\n","protected":false},"excerpt":{"rendered":"<p>&#8220;Sou baptizado, sou chamado&#8230; a CONTEMPLAR&#8221; Jesus tomou consigo Pedro, Tiago e Jo\u00e3o seu irm\u00e3o e levou-os, em particular, a um alto monte e transfigurou-Se diante deles: o seu rosto ficou resplandecente como o sol e as suas vestes tornaram-se brancas como a luz. E apareceram Mois\u00e9s e Elias a falar com Ele. (&#8230;) Uma [&hellip;]<\/p>\n","protected":false},"author":1,"featured_media":5333,"comment_status":"open","ping_status":"closed","sticky":false,"template":"","format":"standard","meta":{"ngg_post_thumbnail":0},"categories":[1,4,2,6,19],"tags":[],"_links":{"self":[{"href":"http:\/\/paroquiagloria.org\/v2\/index.php?rest_route=\/wp\/v2\/posts\/5332"}],"collection":[{"href":"http:\/\/paroquiagloria.org\/v2\/index.php?rest_route=\/wp\/v2\/posts"}],"about":[{"href":"http:\/\/paroquiagloria.org\/v2\/index.php?rest_route=\/wp\/v2\/types\/post"}],"author":[{"embeddable":true,"href":"http:\/\/paroquiagloria.org\/v2\/index.php?rest_route=\/wp\/v2\/users\/1"}],"replies":[{"embeddable":true,"href":"http:\/\/paroquiagloria.org\/v2\/index.php?rest_route=%2Fwp%2Fv2%2Fcomments&post=5332"}],"version-history":[{"count":3,"href":"http:\/\/paroquiagloria.org\/v2\/index.php?rest_route=\/wp\/v2\/posts\/5332\/revisions"}],"predecessor-version":[{"id":5337,"href":"http:\/\/paroquiagloria.org\/v2\/index.php?rest_route=\/wp\/v2\/posts\/5332\/revisions\/5337"}],"wp:featuredmedia":[{"embeddable":true,"href":"http:\/\/paroquiagloria.org\/v2\/index.php?rest_route=\/wp\/v2\/media\/5333"}],"wp:attachment":[{"href":"http:\/\/paroquiagloria.org\/v2\/index.php?rest_route=%2Fwp%2Fv2%2Fmedia&parent=5332"}],"wp:term":[{"taxonomy":"category","embeddable":true,"href":"http:\/\/paroquiagloria.org\/v2\/index.php?rest_route=%2Fwp%2Fv2%2Fcategories&post=5332"},{"taxonomy":"post_tag","embeddable":true,"href":"http:\/\/paroquiagloria.org\/v2\/index.php?rest_route=%2Fwp%2Fv2%2Ftags&post=5332"}],"curies":[{"name":"wp","href":"https:\/\/api.w.org\/{rel}","templated":true}]}}