{"id":5325,"date":"2017-03-04T16:26:35","date_gmt":"2017-03-04T16:26:35","guid":{"rendered":"http:\/\/paroquiagloria.org\/v2\/?p=5325"},"modified":"2017-03-04T16:26:35","modified_gmt":"2017-03-04T16:26:35","slug":"dois-dedos-de-liturgia-10","status":"publish","type":"post","link":"http:\/\/paroquiagloria.org\/v2\/?p=5325","title":{"rendered":"Dois dedos de Liturgia (10)"},"content":{"rendered":"<p><a href=\"http:\/\/paroquiagloria.org\/v2\/wp-content\/uploads\/2016\/12\/banner_liturgia.jpg\"><img loading=\"lazy\" class=\"size-full wp-image-5095 aligncenter\" src=\"http:\/\/paroquiagloria.org\/v2\/wp-content\/uploads\/2016\/12\/banner_liturgia.jpg\" alt=\"banner_liturgia\" width=\"960\" height=\"450\" srcset=\"http:\/\/paroquiagloria.org\/v2\/wp-content\/uploads\/2016\/12\/banner_liturgia.jpg 960w, http:\/\/paroquiagloria.org\/v2\/wp-content\/uploads\/2016\/12\/banner_liturgia-300x141.jpg 300w\" sizes=\"(max-width: 960px) 100vw, 960px\" \/><\/a><\/p>\n<h4><strong>&#8211; Porque \u00e9 que a Quaresma n\u00e3o come\u00e7a ao Domingo?<\/strong><\/h4>\n<p style=\"text-align: justify;\">O tempo quaresmal come\u00e7a com a celebra\u00e7\u00e3o da imposi\u00e7\u00e3o das cinzas, na quarta-feira antes do\u00a0I domingo, e vai at\u00e9 \u00e0 Missa da Ceia do Senhor, em Quinta-feira Santa, exclusive. Este come\u00e7o fora do domingo, de algum modo, liga-se ao pr\u00f3prio nome do tempo e \u00e0 sua simbologia: 40 dias de jejum preparat\u00f3rio para a P\u00e1scoa da Ressurrei\u00e7\u00e3o. Iniciar em quarta-feira, acrescentando 4 dias \u00e0 caminhada, tem o intuito de compensar os domingos que n\u00e3o s\u00e3o dias de jejum. Portanto, os 40 dias de jejum quaresmal completam-se de quarta de cinzas at\u00e9 ao s\u00e1bado santo, excluindo os domingos deste tempo. Na discuss\u00e3o conciliar do Vaticano II, em torno das quest\u00f5es da renova\u00e7\u00e3o da Sagrada Liturgia, foi o pr\u00f3prio Papa Paulo VI que acabou por decidir manter o in\u00edcio da Quaresma em quarta-feira, ao inv\u00e9s de iniciar no Domingo, como era proposto pelos liturgistas.<\/p>\n<p style=\"text-align: right;\">* envie as suas quest\u00f5es para doisdedosdeliturgia@gmail.com<\/p>\n<p>&nbsp;<\/p>\n","protected":false},"excerpt":{"rendered":"<p>&#8211; Porque \u00e9 que a Quaresma n\u00e3o come\u00e7a ao Domingo? O tempo quaresmal come\u00e7a com a celebra\u00e7\u00e3o da imposi\u00e7\u00e3o das cinzas, na quarta-feira antes do\u00a0I domingo, e vai at\u00e9 \u00e0 Missa da Ceia do Senhor, em Quinta-feira Santa, exclusive. Este come\u00e7o fora do domingo, de algum modo, liga-se ao pr\u00f3prio nome do tempo e \u00e0 [&hellip;]<\/p>\n","protected":false},"author":1,"featured_media":5095,"comment_status":"open","ping_status":"closed","sticky":false,"template":"","format":"standard","meta":{"ngg_post_thumbnail":0},"categories":[1,4,2,6,19],"tags":[],"_links":{"self":[{"href":"http:\/\/paroquiagloria.org\/v2\/index.php?rest_route=\/wp\/v2\/posts\/5325"}],"collection":[{"href":"http:\/\/paroquiagloria.org\/v2\/index.php?rest_route=\/wp\/v2\/posts"}],"about":[{"href":"http:\/\/paroquiagloria.org\/v2\/index.php?rest_route=\/wp\/v2\/types\/post"}],"author":[{"embeddable":true,"href":"http:\/\/paroquiagloria.org\/v2\/index.php?rest_route=\/wp\/v2\/users\/1"}],"replies":[{"embeddable":true,"href":"http:\/\/paroquiagloria.org\/v2\/index.php?rest_route=%2Fwp%2Fv2%2Fcomments&post=5325"}],"version-history":[{"count":1,"href":"http:\/\/paroquiagloria.org\/v2\/index.php?rest_route=\/wp\/v2\/posts\/5325\/revisions"}],"predecessor-version":[{"id":5326,"href":"http:\/\/paroquiagloria.org\/v2\/index.php?rest_route=\/wp\/v2\/posts\/5325\/revisions\/5326"}],"wp:featuredmedia":[{"embeddable":true,"href":"http:\/\/paroquiagloria.org\/v2\/index.php?rest_route=\/wp\/v2\/media\/5095"}],"wp:attachment":[{"href":"http:\/\/paroquiagloria.org\/v2\/index.php?rest_route=%2Fwp%2Fv2%2Fmedia&parent=5325"}],"wp:term":[{"taxonomy":"category","embeddable":true,"href":"http:\/\/paroquiagloria.org\/v2\/index.php?rest_route=%2Fwp%2Fv2%2Fcategories&post=5325"},{"taxonomy":"post_tag","embeddable":true,"href":"http:\/\/paroquiagloria.org\/v2\/index.php?rest_route=%2Fwp%2Fv2%2Ftags&post=5325"}],"curies":[{"name":"wp","href":"https:\/\/api.w.org\/{rel}","templated":true}]}}