{"id":5317,"date":"2017-03-04T16:18:46","date_gmt":"2017-03-04T16:18:46","guid":{"rendered":"http:\/\/paroquiagloria.org\/v2\/?p=5317"},"modified":"2017-03-04T16:20:38","modified_gmt":"2017-03-04T16:20:38","slug":"formacao-da-pastoral-da-saude","status":"publish","type":"post","link":"http:\/\/paroquiagloria.org\/v2\/?p=5317","title":{"rendered":"Forma\u00e7\u00e3o da Pastoral da Sa\u00fade"},"content":{"rendered":"<p>&nbsp;<\/p>\n<p><a href=\"http:\/\/paroquiagloria.org\/v2\/wp-content\/uploads\/2015\/02\/banner_Diamundialdoente15.jpg\"><img loading=\"lazy\" class=\"size-full wp-image-3030 aligncenter\" src=\"http:\/\/paroquiagloria.org\/v2\/wp-content\/uploads\/2015\/02\/banner_Diamundialdoente15.jpg\" alt=\"banner_Diamundialdoente15\" width=\"960\" height=\"340\" srcset=\"http:\/\/paroquiagloria.org\/v2\/wp-content\/uploads\/2015\/02\/banner_Diamundialdoente15.jpg 960w, http:\/\/paroquiagloria.org\/v2\/wp-content\/uploads\/2015\/02\/banner_Diamundialdoente15-300x106.jpg 300w\" sizes=\"(max-width: 960px) 100vw, 960px\" \/><\/a><\/p>\n<p>O Departamento Diocesano da Pastoral da Sa\u00fade promove um encontro de forma\u00e7\u00e3o sobre &#8220;A assist\u00eancia espiritual e religiosa integrada no processo terap\u00eautico da pessoa doente em diferentes contextos\u201d. Ser\u00e1 orientada pelo Pe. Jos\u00e9 Cam\u00f5es, capel\u00e3o do Hospital de \u00c1gueda, no dia 12 de Mar\u00e7o, das 15h \u00e0s 17h, no Semin\u00e1rio.<\/p>\n","protected":false},"excerpt":{"rendered":"<p>&nbsp; O Departamento Diocesano da Pastoral da Sa\u00fade promove um encontro de forma\u00e7\u00e3o sobre &#8220;A assist\u00eancia espiritual e religiosa integrada no processo terap\u00eautico da pessoa doente em diferentes contextos\u201d. Ser\u00e1 orientada pelo Pe. Jos\u00e9 Cam\u00f5es, capel\u00e3o do Hospital de \u00c1gueda, no dia 12 de Mar\u00e7o, das 15h \u00e0s 17h, no Semin\u00e1rio.<\/p>\n","protected":false},"author":1,"featured_media":5319,"comment_status":"open","ping_status":"closed","sticky":false,"template":"","format":"standard","meta":{"ngg_post_thumbnail":0},"categories":[1,4,2,6,19],"tags":[],"_links":{"self":[{"href":"http:\/\/paroquiagloria.org\/v2\/index.php?rest_route=\/wp\/v2\/posts\/5317"}],"collection":[{"href":"http:\/\/paroquiagloria.org\/v2\/index.php?rest_route=\/wp\/v2\/posts"}],"about":[{"href":"http:\/\/paroquiagloria.org\/v2\/index.php?rest_route=\/wp\/v2\/types\/post"}],"author":[{"embeddable":true,"href":"http:\/\/paroquiagloria.org\/v2\/index.php?rest_route=\/wp\/v2\/users\/1"}],"replies":[{"embeddable":true,"href":"http:\/\/paroquiagloria.org\/v2\/index.php?rest_route=%2Fwp%2Fv2%2Fcomments&post=5317"}],"version-history":[{"count":1,"href":"http:\/\/paroquiagloria.org\/v2\/index.php?rest_route=\/wp\/v2\/posts\/5317\/revisions"}],"predecessor-version":[{"id":5318,"href":"http:\/\/paroquiagloria.org\/v2\/index.php?rest_route=\/wp\/v2\/posts\/5317\/revisions\/5318"}],"wp:featuredmedia":[{"embeddable":true,"href":"http:\/\/paroquiagloria.org\/v2\/index.php?rest_route=\/wp\/v2\/media\/5319"}],"wp:attachment":[{"href":"http:\/\/paroquiagloria.org\/v2\/index.php?rest_route=%2Fwp%2Fv2%2Fmedia&parent=5317"}],"wp:term":[{"taxonomy":"category","embeddable":true,"href":"http:\/\/paroquiagloria.org\/v2\/index.php?rest_route=%2Fwp%2Fv2%2Fcategories&post=5317"},{"taxonomy":"post_tag","embeddable":true,"href":"http:\/\/paroquiagloria.org\/v2\/index.php?rest_route=%2Fwp%2Fv2%2Ftags&post=5317"}],"curies":[{"name":"wp","href":"https:\/\/api.w.org\/{rel}","templated":true}]}}