{"id":5303,"date":"2017-02-26T11:49:47","date_gmt":"2017-02-26T11:49:47","guid":{"rendered":"http:\/\/paroquiagloria.org\/v2\/?p=5303"},"modified":"2017-02-26T11:49:47","modified_gmt":"2017-02-26T11:49:47","slug":"dois-dedos-de-liturgia-9","status":"publish","type":"post","link":"http:\/\/paroquiagloria.org\/v2\/?p=5303","title":{"rendered":"Dois dedos de Liturgia (9)"},"content":{"rendered":"<p><a href=\"http:\/\/paroquiagloria.org\/v2\/wp-content\/uploads\/2017\/01\/Domingo-Dia-do-Senhor.jpg\"><img loading=\"lazy\" class=\"size-full wp-image-5205 aligncenter\" src=\"http:\/\/paroquiagloria.org\/v2\/wp-content\/uploads\/2017\/01\/Domingo-Dia-do-Senhor.jpg\" alt=\"Domingo-Dia-do-Senhor\" width=\"365\" height=\"376\" srcset=\"http:\/\/paroquiagloria.org\/v2\/wp-content\/uploads\/2017\/01\/Domingo-Dia-do-Senhor.jpg 365w, http:\/\/paroquiagloria.org\/v2\/wp-content\/uploads\/2017\/01\/Domingo-Dia-do-Senhor-291x300.jpg 291w\" sizes=\"(max-width: 365px) 100vw, 365px\" \/><\/a><\/p>\n<p>&nbsp;<\/p>\n<p style=\"text-align: justify;\"><strong>&#8211; O que \u00e9 a participa\u00e7\u00e3o consciente na liturgia?<\/strong><\/p>\n<p style=\"text-align: justify;\">Conclu\u00edmos esta fase sobre a participa\u00e7\u00e3o na liturgia que deve ser &#8220;activa, plena e consciente&#8221; tentando compreender este terceiro adjectivo. Ter consci\u00eancia, \u00e9 dar-se conta, \u00e9 aperceber-se. \u00c9 tamb\u00e9m fazer luz, isto \u00e9, crescer na compreens\u00e3o da palavra, do gesto, do rito. Na liturgia e especialmente na eucaristia deve procurar-se, portanto, &#8220;que os crist\u00e3os n\u00e3o assistam a este mist\u00e9rio de f\u00e9 como estranhos ou espectadores mudos, mas participem da ac\u00e7\u00e3o sagrada, consciente, piedosa e activamente, por meio de uma boa compreens\u00e3o dos ritos e ora\u00e7\u00f5es; sejam instru\u00eddos na palavra de Deus; alimentem-se na mesa do Corpo do Senhor; d\u00eaem gra\u00e7as a Deus; aprendam a oferecer-se a si mesmos, ao oferecer juntamente com o sacerdote, n\u00e3o s\u00f3 pelas m\u00e3os dele, a h\u00f3stia imaculada; que dia ap\u00f3s dia, por meio de Cristo mediador, progridam na uni\u00e3o com Deus e entre si, para que finalmente Deus seja tudo em todos&#8221; (SC 48).<\/p>\n<p style=\"text-align: right;\">\n* envie as suas quest\u00f5es para doisdedosdeliturgia@gmail.com<\/p>\n","protected":false},"excerpt":{"rendered":"<p>&nbsp; &#8211; O que \u00e9 a participa\u00e7\u00e3o consciente na liturgia? Conclu\u00edmos esta fase sobre a participa\u00e7\u00e3o na liturgia que deve ser &#8220;activa, plena e consciente&#8221; tentando compreender este terceiro adjectivo. Ter consci\u00eancia, \u00e9 dar-se conta, \u00e9 aperceber-se. \u00c9 tamb\u00e9m fazer luz, isto \u00e9, crescer na compreens\u00e3o da palavra, do gesto, do rito. Na liturgia e [&hellip;]<\/p>\n","protected":false},"author":1,"featured_media":5204,"comment_status":"open","ping_status":"closed","sticky":false,"template":"","format":"standard","meta":{"ngg_post_thumbnail":0},"categories":[1,4,2,19],"tags":[],"_links":{"self":[{"href":"http:\/\/paroquiagloria.org\/v2\/index.php?rest_route=\/wp\/v2\/posts\/5303"}],"collection":[{"href":"http:\/\/paroquiagloria.org\/v2\/index.php?rest_route=\/wp\/v2\/posts"}],"about":[{"href":"http:\/\/paroquiagloria.org\/v2\/index.php?rest_route=\/wp\/v2\/types\/post"}],"author":[{"embeddable":true,"href":"http:\/\/paroquiagloria.org\/v2\/index.php?rest_route=\/wp\/v2\/users\/1"}],"replies":[{"embeddable":true,"href":"http:\/\/paroquiagloria.org\/v2\/index.php?rest_route=%2Fwp%2Fv2%2Fcomments&post=5303"}],"version-history":[{"count":1,"href":"http:\/\/paroquiagloria.org\/v2\/index.php?rest_route=\/wp\/v2\/posts\/5303\/revisions"}],"predecessor-version":[{"id":5304,"href":"http:\/\/paroquiagloria.org\/v2\/index.php?rest_route=\/wp\/v2\/posts\/5303\/revisions\/5304"}],"wp:featuredmedia":[{"embeddable":true,"href":"http:\/\/paroquiagloria.org\/v2\/index.php?rest_route=\/wp\/v2\/media\/5204"}],"wp:attachment":[{"href":"http:\/\/paroquiagloria.org\/v2\/index.php?rest_route=%2Fwp%2Fv2%2Fmedia&parent=5303"}],"wp:term":[{"taxonomy":"category","embeddable":true,"href":"http:\/\/paroquiagloria.org\/v2\/index.php?rest_route=%2Fwp%2Fv2%2Fcategories&post=5303"},{"taxonomy":"post_tag","embeddable":true,"href":"http:\/\/paroquiagloria.org\/v2\/index.php?rest_route=%2Fwp%2Fv2%2Ftags&post=5303"}],"curies":[{"name":"wp","href":"https:\/\/api.w.org\/{rel}","templated":true}]}}