{"id":5300,"date":"2017-02-26T11:47:53","date_gmt":"2017-02-26T11:47:53","guid":{"rendered":"http:\/\/paroquiagloria.org\/v2\/?p=5300"},"modified":"2017-02-26T11:47:53","modified_gmt":"2017-02-26T11:47:53","slug":"maria-mae-de-misericordia-e-modelo-do-discipulo-2","status":"publish","type":"post","link":"http:\/\/paroquiagloria.org\/v2\/?p=5300","title":{"rendered":"Maria, M\u00e3e de Miseric\u00f3rdia e Modelo do Disc\u00edpulo"},"content":{"rendered":"<p><a href=\"http:\/\/paroquiagloria.org\/v2\/wp-content\/uploads\/2013\/02\/cartaz_final_low_small.jpg\"><img loading=\"lazy\" class=\"size-large wp-image-5125 aligncenter\" src=\"http:\/\/paroquiagloria.org\/v2\/wp-content\/uploads\/2013\/02\/cartaz_final_low_small-725x1024.jpg\" alt=\"cartaz_final_low_small\" width=\"725\" height=\"1024\" srcset=\"http:\/\/paroquiagloria.org\/v2\/wp-content\/uploads\/2013\/02\/cartaz_final_low_small-725x1024.jpg 725w, http:\/\/paroquiagloria.org\/v2\/wp-content\/uploads\/2013\/02\/cartaz_final_low_small-212x300.jpg 212w, http:\/\/paroquiagloria.org\/v2\/wp-content\/uploads\/2013\/02\/cartaz_final_low_small.jpg 1241w\" sizes=\"(max-width: 725px) 100vw, 725px\" \/><\/a><\/p>\n<p>&nbsp;<\/p>\n<p style=\"text-align: justify;\">Sob este slogan iremos em peregrina\u00e7\u00e3o ao Santu\u00e1rio de F\u00e1tima, no pr\u00f3ximo s\u00e1bado. Da nossa par\u00f3quia partem tr\u00eas autocarros. Pedimos que os inscritos levantem, a partir de quarta-feira, na secretaria paroquial, um ingresso que dar\u00e1 acesso ao autocarro. Os materiais do kit (ter\u00e7o e bandana) ser\u00e3o entregues j\u00e1 no autocarro. Convidamos todos a estarem um pouco antes da partida para uma breve ora\u00e7\u00e3o de b\u00ean\u00e7\u00e3o e envio dos peregrinos.<\/p>\n<p style=\"padding-left: 30px;\"><strong>07h15<\/strong>\u00a0&#8211; concentra\u00e7\u00e3o e pequena ora\u00e7\u00e3o no adro da S\u00e9<br \/>\n<strong>07h30<\/strong>\u00a0&#8211; sa\u00edda dos autocarros (em frente ao Museu)<br \/>\n<strong>11h00<\/strong>\u00a0&#8211; missa na bas\u00edlica da Sant\u00edssima Trindade (<a href=\"http:\/\/paroquiagloria.org\/v2\/wp-content\/uploads\/2017\/02\/guiao_canticos_booklet_small.pdf\" target=\"_blank\">Gui\u00e3o de C\u00e2nticos<\/a>)<br \/>\n<strong>13h00<\/strong>\u00a0&#8211; almo\u00e7o (cada um providencie, ou farnel ou restaurante)<br \/>\n<strong>15h30<\/strong>\u00a0&#8211; recita\u00e7\u00e3o do ter\u00e7o na Capelinha das Apari\u00e7\u00f5es<br \/>\n<strong>17h30<\/strong>\u00a0&#8211; regresso a Aveiro<\/p>\n<p>&nbsp;<\/p>\n<p>&nbsp;<\/p>\n<h3>Como forma de prepara\u00e7\u00e3o para esta Peregrina\u00e7\u00e3o, leia aqui\u00a0a <a href=\"http:\/\/www.conferenciaepiscopal.pt\/v1\/fatima-sinal-de-esperanca-para-o-nosso-tempo\/\" target=\"_blank\"><em>Carta Pastoral da Confer\u00eancia Episcopal Portuguesa\u00a0<\/em><em>no Centen\u00e1rio das Apari\u00e7\u00f5es de Nossa Senhora em F\u00e1tima<\/em><\/a><\/h3>\n","protected":false},"excerpt":{"rendered":"<p>&nbsp; Sob este slogan iremos em peregrina\u00e7\u00e3o ao Santu\u00e1rio de F\u00e1tima, no pr\u00f3ximo s\u00e1bado. Da nossa par\u00f3quia partem tr\u00eas autocarros. Pedimos que os inscritos levantem, a partir de quarta-feira, na secretaria paroquial, um ingresso que dar\u00e1 acesso ao autocarro. Os materiais do kit (ter\u00e7o e bandana) ser\u00e3o entregues j\u00e1 no autocarro. Convidamos todos a estarem [&hellip;]<\/p>\n","protected":false},"author":1,"featured_media":5124,"comment_status":"open","ping_status":"closed","sticky":false,"template":"","format":"standard","meta":{"ngg_post_thumbnail":0},"categories":[1,4,2,6,19],"tags":[],"_links":{"self":[{"href":"http:\/\/paroquiagloria.org\/v2\/index.php?rest_route=\/wp\/v2\/posts\/5300"}],"collection":[{"href":"http:\/\/paroquiagloria.org\/v2\/index.php?rest_route=\/wp\/v2\/posts"}],"about":[{"href":"http:\/\/paroquiagloria.org\/v2\/index.php?rest_route=\/wp\/v2\/types\/post"}],"author":[{"embeddable":true,"href":"http:\/\/paroquiagloria.org\/v2\/index.php?rest_route=\/wp\/v2\/users\/1"}],"replies":[{"embeddable":true,"href":"http:\/\/paroquiagloria.org\/v2\/index.php?rest_route=%2Fwp%2Fv2%2Fcomments&post=5300"}],"version-history":[{"count":1,"href":"http:\/\/paroquiagloria.org\/v2\/index.php?rest_route=\/wp\/v2\/posts\/5300\/revisions"}],"predecessor-version":[{"id":5302,"href":"http:\/\/paroquiagloria.org\/v2\/index.php?rest_route=\/wp\/v2\/posts\/5300\/revisions\/5302"}],"wp:featuredmedia":[{"embeddable":true,"href":"http:\/\/paroquiagloria.org\/v2\/index.php?rest_route=\/wp\/v2\/media\/5124"}],"wp:attachment":[{"href":"http:\/\/paroquiagloria.org\/v2\/index.php?rest_route=%2Fwp%2Fv2%2Fmedia&parent=5300"}],"wp:term":[{"taxonomy":"category","embeddable":true,"href":"http:\/\/paroquiagloria.org\/v2\/index.php?rest_route=%2Fwp%2Fv2%2Fcategories&post=5300"},{"taxonomy":"post_tag","embeddable":true,"href":"http:\/\/paroquiagloria.org\/v2\/index.php?rest_route=%2Fwp%2Fv2%2Ftags&post=5300"}],"curies":[{"name":"wp","href":"https:\/\/api.w.org\/{rel}","templated":true}]}}