{"id":5284,"date":"2017-02-26T11:23:23","date_gmt":"2017-02-26T11:23:23","guid":{"rendered":"http:\/\/paroquiagloria.org\/v2\/?p=5284"},"modified":"2017-02-26T11:23:23","modified_gmt":"2017-02-26T11:23:23","slug":"quarta-feira-de-cinzas-em-santo-antonio","status":"publish","type":"post","link":"http:\/\/paroquiagloria.org\/v2\/?p=5284","title":{"rendered":"Quarta-feira de Cinzas em Santo Ant\u00f3nio"},"content":{"rendered":"<p><a href=\"http:\/\/paroquiagloria.org\/v2\/wp-content\/uploads\/2017\/02\/Santoantonio_Saofrancisco.jpg\"><img loading=\"lazy\" class=\"alignnone size-full wp-image-5285\" src=\"http:\/\/paroquiagloria.org\/v2\/wp-content\/uploads\/2017\/02\/Santoantonio_Saofrancisco.jpg\" alt=\"Santoantonio_Saofrancisco\" width=\"736\" height=\"552\" srcset=\"http:\/\/paroquiagloria.org\/v2\/wp-content\/uploads\/2017\/02\/Santoantonio_Saofrancisco.jpg 736w, http:\/\/paroquiagloria.org\/v2\/wp-content\/uploads\/2017\/02\/Santoantonio_Saofrancisco-300x225.jpg 300w\" sizes=\"(max-width: 736px) 100vw, 736px\" \/><\/a><\/p>\n<p>&nbsp;<\/p>\n<p>A OFS abre as Igrejas de S. Francisco e Sto. Ant\u00f3nio na quarta-feira de cinzas. Haver\u00e1 Laudes, b\u00ean\u00e7\u00e3o do p\u00e3o, ter\u00e7o, V\u00e9speras, via-sacra e Missa.<\/p>\n","protected":false},"excerpt":{"rendered":"<p>&nbsp; A OFS abre as Igrejas de S. Francisco e Sto. Ant\u00f3nio na quarta-feira de cinzas. Haver\u00e1 Laudes, b\u00ean\u00e7\u00e3o do p\u00e3o, ter\u00e7o, V\u00e9speras, via-sacra e Missa.<\/p>\n","protected":false},"author":1,"featured_media":5286,"comment_status":"open","ping_status":"closed","sticky":false,"template":"","format":"standard","meta":{"ngg_post_thumbnail":0},"categories":[1,4,2,6,19],"tags":[],"_links":{"self":[{"href":"http:\/\/paroquiagloria.org\/v2\/index.php?rest_route=\/wp\/v2\/posts\/5284"}],"collection":[{"href":"http:\/\/paroquiagloria.org\/v2\/index.php?rest_route=\/wp\/v2\/posts"}],"about":[{"href":"http:\/\/paroquiagloria.org\/v2\/index.php?rest_route=\/wp\/v2\/types\/post"}],"author":[{"embeddable":true,"href":"http:\/\/paroquiagloria.org\/v2\/index.php?rest_route=\/wp\/v2\/users\/1"}],"replies":[{"embeddable":true,"href":"http:\/\/paroquiagloria.org\/v2\/index.php?rest_route=%2Fwp%2Fv2%2Fcomments&post=5284"}],"version-history":[{"count":1,"href":"http:\/\/paroquiagloria.org\/v2\/index.php?rest_route=\/wp\/v2\/posts\/5284\/revisions"}],"predecessor-version":[{"id":5287,"href":"http:\/\/paroquiagloria.org\/v2\/index.php?rest_route=\/wp\/v2\/posts\/5284\/revisions\/5287"}],"wp:featuredmedia":[{"embeddable":true,"href":"http:\/\/paroquiagloria.org\/v2\/index.php?rest_route=\/wp\/v2\/media\/5286"}],"wp:attachment":[{"href":"http:\/\/paroquiagloria.org\/v2\/index.php?rest_route=%2Fwp%2Fv2%2Fmedia&parent=5284"}],"wp:term":[{"taxonomy":"category","embeddable":true,"href":"http:\/\/paroquiagloria.org\/v2\/index.php?rest_route=%2Fwp%2Fv2%2Fcategories&post=5284"},{"taxonomy":"post_tag","embeddable":true,"href":"http:\/\/paroquiagloria.org\/v2\/index.php?rest_route=%2Fwp%2Fv2%2Ftags&post=5284"}],"curies":[{"name":"wp","href":"https:\/\/api.w.org\/{rel}","templated":true}]}}