{"id":5275,"date":"2017-02-18T17:31:06","date_gmt":"2017-02-18T17:31:06","guid":{"rendered":"http:\/\/paroquiagloria.org\/v2\/?p=5275"},"modified":"2017-02-18T17:31:06","modified_gmt":"2017-02-18T17:31:06","slug":"dois-dedos-de-liturgia-8","status":"publish","type":"post","link":"http:\/\/paroquiagloria.org\/v2\/?p=5275","title":{"rendered":"Dois dedos de Liturgia (8)"},"content":{"rendered":"<p><a href=\"http:\/\/paroquiagloria.org\/v2\/wp-content\/uploads\/2016\/12\/banner_liturgia.jpg\"><img loading=\"lazy\" class=\"alignnone size-full wp-image-5095\" src=\"http:\/\/paroquiagloria.org\/v2\/wp-content\/uploads\/2016\/12\/banner_liturgia.jpg\" alt=\"banner_liturgia\" width=\"960\" height=\"450\" srcset=\"http:\/\/paroquiagloria.org\/v2\/wp-content\/uploads\/2016\/12\/banner_liturgia.jpg 960w, http:\/\/paroquiagloria.org\/v2\/wp-content\/uploads\/2016\/12\/banner_liturgia-300x141.jpg 300w\" sizes=\"(max-width: 960px) 100vw, 960px\" \/><\/a><\/p>\n<p>&nbsp;<\/p>\n<h3 style=\"text-align: justify;\">&#8211; O que \u00e9 a participa\u00e7\u00e3o plena na liturgia?<\/h3>\n<p style=\"text-align: justify;\">\nContinuamos a procurar uma maior consci\u00eancia sobre a forma de participar, ou seja, de tomar parte na liturgia, de maneira activa, plena e consciente. A celebra\u00e7\u00e3o da Missa \u00e9, por sua natureza, &#8220;comunit\u00e1ria&#8221;. Por isso, para uma participa\u00e7\u00e3o plena t\u00eam import\u00e2ncia os gestos, os ritos, os sinais, as atitudes, os ritmos, os di\u00e1logos, as aclama\u00e7\u00f5es, rezadas ou cantadas, e at\u00e9 mesmo os sil\u00eancios, como j\u00e1 se disse a prop\u00f3sito da participa\u00e7\u00e3o activa. Esta plenitude da participa\u00e7\u00e3o est\u00e1, pois, profundamente ligada ao corpo e \u00e0 atitude corporal. O cardeal Ratzinger escreveu a este prop\u00f3sito: &#8220;exige-se do corpo muito mais do que carregar aparelhos ou coisa semelhante&#8221;. O estar de p\u00e9, ou sentado, ou de joelhos, bater no peito ou fazer o sinal da cruz, dar o \u00f3sculo da paz, responder em voz alta, cantar, fazer sil\u00eancio, numa atitude de unidade, sem uniformismo, em assembleia contribui para a beleza da liturgia.<\/p>\n<p style=\"text-align: right;\">* envie as suas quest\u00f5es para doisdedosdeliturgia@gmail.com<\/p>\n","protected":false},"excerpt":{"rendered":"<p>&nbsp; &#8211; O que \u00e9 a participa\u00e7\u00e3o plena na liturgia? Continuamos a procurar uma maior consci\u00eancia sobre a forma de participar, ou seja, de tomar parte na liturgia, de maneira activa, plena e consciente. A celebra\u00e7\u00e3o da Missa \u00e9, por sua natureza, &#8220;comunit\u00e1ria&#8221;. Por isso, para uma participa\u00e7\u00e3o plena t\u00eam import\u00e2ncia os gestos, os ritos, [&hellip;]<\/p>\n","protected":false},"author":1,"featured_media":5095,"comment_status":"open","ping_status":"closed","sticky":false,"template":"","format":"standard","meta":{"ngg_post_thumbnail":0},"categories":[1,4,2,6,19],"tags":[],"_links":{"self":[{"href":"http:\/\/paroquiagloria.org\/v2\/index.php?rest_route=\/wp\/v2\/posts\/5275"}],"collection":[{"href":"http:\/\/paroquiagloria.org\/v2\/index.php?rest_route=\/wp\/v2\/posts"}],"about":[{"href":"http:\/\/paroquiagloria.org\/v2\/index.php?rest_route=\/wp\/v2\/types\/post"}],"author":[{"embeddable":true,"href":"http:\/\/paroquiagloria.org\/v2\/index.php?rest_route=\/wp\/v2\/users\/1"}],"replies":[{"embeddable":true,"href":"http:\/\/paroquiagloria.org\/v2\/index.php?rest_route=%2Fwp%2Fv2%2Fcomments&post=5275"}],"version-history":[{"count":1,"href":"http:\/\/paroquiagloria.org\/v2\/index.php?rest_route=\/wp\/v2\/posts\/5275\/revisions"}],"predecessor-version":[{"id":5276,"href":"http:\/\/paroquiagloria.org\/v2\/index.php?rest_route=\/wp\/v2\/posts\/5275\/revisions\/5276"}],"wp:featuredmedia":[{"embeddable":true,"href":"http:\/\/paroquiagloria.org\/v2\/index.php?rest_route=\/wp\/v2\/media\/5095"}],"wp:attachment":[{"href":"http:\/\/paroquiagloria.org\/v2\/index.php?rest_route=%2Fwp%2Fv2%2Fmedia&parent=5275"}],"wp:term":[{"taxonomy":"category","embeddable":true,"href":"http:\/\/paroquiagloria.org\/v2\/index.php?rest_route=%2Fwp%2Fv2%2Fcategories&post=5275"},{"taxonomy":"post_tag","embeddable":true,"href":"http:\/\/paroquiagloria.org\/v2\/index.php?rest_route=%2Fwp%2Fv2%2Ftags&post=5275"}],"curies":[{"name":"wp","href":"https:\/\/api.w.org\/{rel}","templated":true}]}}