{"id":5267,"date":"2017-02-18T17:15:49","date_gmt":"2017-02-18T17:15:49","guid":{"rendered":"http:\/\/paroquiagloria.org\/v2\/?p=5267"},"modified":"2017-02-18T17:16:35","modified_gmt":"2017-02-18T17:16:35","slug":"maria-mae-de-misericordia-e-modelo-do-discipulo","status":"publish","type":"post","link":"http:\/\/paroquiagloria.org\/v2\/?p=5267","title":{"rendered":"Maria, M\u00e3e de Miseric\u00f3rdia e Modelo do Disc\u00edpulo"},"content":{"rendered":"<p><a href=\"http:\/\/paroquiagloria.org\/v2\/wp-content\/uploads\/2013\/02\/cartaz_final_low_small.jpg\"><img loading=\"lazy\" class=\"alignnone size-large wp-image-5125\" src=\"http:\/\/paroquiagloria.org\/v2\/wp-content\/uploads\/2013\/02\/cartaz_final_low_small-725x1024.jpg\" alt=\"cartaz_final_low_small\" width=\"725\" height=\"1024\" srcset=\"http:\/\/paroquiagloria.org\/v2\/wp-content\/uploads\/2013\/02\/cartaz_final_low_small-725x1024.jpg 725w, http:\/\/paroquiagloria.org\/v2\/wp-content\/uploads\/2013\/02\/cartaz_final_low_small-212x300.jpg 212w, http:\/\/paroquiagloria.org\/v2\/wp-content\/uploads\/2013\/02\/cartaz_final_low_small.jpg 1241w\" sizes=\"(max-width: 725px) 100vw, 725px\" \/><\/a><\/p>\n<p>&nbsp;<\/p>\n<p style=\"text-align: justify;\">Sob este slogan participaremos na peregrina\u00e7\u00e3o diocesana ao Santu\u00e1rio de F\u00e1tima, no pr\u00f3ximo dia 4 de Mar\u00e7o. No nosso arciprestado de Aveiro mais de 800 pessoas se inscreveram na modalidade que inclui a viagem em autocarro com um kit pr\u00f3prio preparado para o efeito (com ter\u00e7o, bandana e gui\u00e3o). Na pr\u00f3xima semana informaremos acerca dos locais e hor\u00e1rios das partidas (sobretudo para os 150 inscritos da nossa par\u00f3quia).<br \/>\nComo j\u00e1 anunci\u00e1mos, est\u00e3o marcados dois ensaios para os grupos corais: <strong>esta quarta-feira, <span style=\"text-decoration: underline;\">dia 22 e dia 2 de Mar\u00e7o \u00e0s 21h<\/span> na S\u00e9<\/strong>.<\/p>\n<h3 style=\"text-align: justify;\">A Peregrina\u00e7\u00e3o Crist\u00e3<\/h3>\n<p style=\"text-align: justify;\">Importa ter em conta, desde j\u00e1, que fazer uma peregrina\u00e7\u00e3o n\u00e3o \u00e9 fazer uma caminhada. Por isso, neste tempo que nos separa desta ac\u00e7\u00e3o diocesana torna-se oportuno tomar consci\u00eancia da espiritualidade pr\u00f3pria da Peregrina\u00e7\u00e3o Crist\u00e3. Cada peregrina\u00e7\u00e3o concretiza diferentes dimens\u00f5es: escatol\u00f3gica (que manifesta que somos peregrinos a caminho da P\u00e1tria celeste); penitencial (caminho de ascese, de convers\u00e3o, de mudan\u00e7a); festiva (que manifesta a alegria e a comunh\u00e3o do encontro); cultual (com a centralidade pr\u00f3pria da celebra\u00e7\u00e3o lit\u00fargica) e apost\u00f3lica (com o an\u00fancio de f\u00e9 inerente ao caminho, durante o qual os peregrinos se tornam pregoeiros e testemunhas de Cristo).<\/p>\n","protected":false},"excerpt":{"rendered":"<p>&nbsp; Sob este slogan participaremos na peregrina\u00e7\u00e3o diocesana ao Santu\u00e1rio de F\u00e1tima, no pr\u00f3ximo dia 4 de Mar\u00e7o. No nosso arciprestado de Aveiro mais de 800 pessoas se inscreveram na modalidade que inclui a viagem em autocarro com um kit pr\u00f3prio preparado para o efeito (com ter\u00e7o, bandana e gui\u00e3o). Na pr\u00f3xima semana informaremos acerca [&hellip;]<\/p>\n","protected":false},"author":1,"featured_media":5124,"comment_status":"open","ping_status":"closed","sticky":false,"template":"","format":"standard","meta":{"ngg_post_thumbnail":0},"categories":[1,4,2,6,19],"tags":[],"_links":{"self":[{"href":"http:\/\/paroquiagloria.org\/v2\/index.php?rest_route=\/wp\/v2\/posts\/5267"}],"collection":[{"href":"http:\/\/paroquiagloria.org\/v2\/index.php?rest_route=\/wp\/v2\/posts"}],"about":[{"href":"http:\/\/paroquiagloria.org\/v2\/index.php?rest_route=\/wp\/v2\/types\/post"}],"author":[{"embeddable":true,"href":"http:\/\/paroquiagloria.org\/v2\/index.php?rest_route=\/wp\/v2\/users\/1"}],"replies":[{"embeddable":true,"href":"http:\/\/paroquiagloria.org\/v2\/index.php?rest_route=%2Fwp%2Fv2%2Fcomments&post=5267"}],"version-history":[{"count":2,"href":"http:\/\/paroquiagloria.org\/v2\/index.php?rest_route=\/wp\/v2\/posts\/5267\/revisions"}],"predecessor-version":[{"id":5269,"href":"http:\/\/paroquiagloria.org\/v2\/index.php?rest_route=\/wp\/v2\/posts\/5267\/revisions\/5269"}],"wp:featuredmedia":[{"embeddable":true,"href":"http:\/\/paroquiagloria.org\/v2\/index.php?rest_route=\/wp\/v2\/media\/5124"}],"wp:attachment":[{"href":"http:\/\/paroquiagloria.org\/v2\/index.php?rest_route=%2Fwp%2Fv2%2Fmedia&parent=5267"}],"wp:term":[{"taxonomy":"category","embeddable":true,"href":"http:\/\/paroquiagloria.org\/v2\/index.php?rest_route=%2Fwp%2Fv2%2Fcategories&post=5267"},{"taxonomy":"post_tag","embeddable":true,"href":"http:\/\/paroquiagloria.org\/v2\/index.php?rest_route=%2Fwp%2Fv2%2Ftags&post=5267"}],"curies":[{"name":"wp","href":"https:\/\/api.w.org\/{rel}","templated":true}]}}