{"id":5264,"date":"2017-02-18T17:14:23","date_gmt":"2017-02-18T17:14:23","guid":{"rendered":"http:\/\/paroquiagloria.org\/v2\/?p=5264"},"modified":"2017-02-18T17:14:23","modified_gmt":"2017-02-18T17:14:23","slug":"caminhada-da-quaresma-2017","status":"publish","type":"post","link":"http:\/\/paroquiagloria.org\/v2\/?p=5264","title":{"rendered":"Caminhada da Quaresma 2017"},"content":{"rendered":"<p style=\"text-align: justify;\"><a href=\"http:\/\/paroquiagloria.org\/v2\/wp-content\/uploads\/2017\/02\/quaresma_banner.jpg\"><img loading=\"lazy\" class=\"size-full wp-image-5265 aligncenter\" src=\"http:\/\/paroquiagloria.org\/v2\/wp-content\/uploads\/2017\/02\/quaresma_banner.jpg\" alt=\"quaresma_banner\" width=\"960\" height=\"450\" srcset=\"http:\/\/paroquiagloria.org\/v2\/wp-content\/uploads\/2017\/02\/quaresma_banner.jpg 960w, http:\/\/paroquiagloria.org\/v2\/wp-content\/uploads\/2017\/02\/quaresma_banner-300x141.jpg 300w\" sizes=\"(max-width: 960px) 100vw, 960px\" \/><\/a>Est\u00e1 apresentada a caminhada diocesana para o tempo quaresmal. O lema e as demais propostas da Diocese ajudam a tomar consci\u00eancia do nosso baptismo, como voca\u00e7\u00e3o. Por isso, tem como pressupostos a dimens\u00e3o vocacional, a centralidade da Palavra de Deus , a fam\u00edlia como espa\u00e7o onde se vive e cresce na f\u00e9 e a dimens\u00e3o da caridade e da solidariedade. Semana a semana, na liturgia eucar\u00edstica, nas catequeses e na fam\u00edlia, pela ora\u00e7\u00e3o, pela ren\u00fancia, pela penit\u00eancia teremos oportunidade de preparar a nossa vida para celebrar dignamente o mist\u00e9rio Pascal.<\/p>\n<p style=\"text-align: justify;\">\n","protected":false},"excerpt":{"rendered":"<p>Est\u00e1 apresentada a caminhada diocesana para o tempo quaresmal. O lema e as demais propostas da Diocese ajudam a tomar consci\u00eancia do nosso baptismo, como voca\u00e7\u00e3o. Por isso, tem como pressupostos a dimens\u00e3o vocacional, a centralidade da Palavra de Deus , a fam\u00edlia como espa\u00e7o onde se vive e cresce na f\u00e9 e a dimens\u00e3o [&hellip;]<\/p>\n","protected":false},"author":1,"featured_media":5265,"comment_status":"open","ping_status":"closed","sticky":false,"template":"","format":"standard","meta":{"ngg_post_thumbnail":0},"categories":[1,4,2,6,19],"tags":[],"_links":{"self":[{"href":"http:\/\/paroquiagloria.org\/v2\/index.php?rest_route=\/wp\/v2\/posts\/5264"}],"collection":[{"href":"http:\/\/paroquiagloria.org\/v2\/index.php?rest_route=\/wp\/v2\/posts"}],"about":[{"href":"http:\/\/paroquiagloria.org\/v2\/index.php?rest_route=\/wp\/v2\/types\/post"}],"author":[{"embeddable":true,"href":"http:\/\/paroquiagloria.org\/v2\/index.php?rest_route=\/wp\/v2\/users\/1"}],"replies":[{"embeddable":true,"href":"http:\/\/paroquiagloria.org\/v2\/index.php?rest_route=%2Fwp%2Fv2%2Fcomments&post=5264"}],"version-history":[{"count":1,"href":"http:\/\/paroquiagloria.org\/v2\/index.php?rest_route=\/wp\/v2\/posts\/5264\/revisions"}],"predecessor-version":[{"id":5266,"href":"http:\/\/paroquiagloria.org\/v2\/index.php?rest_route=\/wp\/v2\/posts\/5264\/revisions\/5266"}],"wp:featuredmedia":[{"embeddable":true,"href":"http:\/\/paroquiagloria.org\/v2\/index.php?rest_route=\/wp\/v2\/media\/5265"}],"wp:attachment":[{"href":"http:\/\/paroquiagloria.org\/v2\/index.php?rest_route=%2Fwp%2Fv2%2Fmedia&parent=5264"}],"wp:term":[{"taxonomy":"category","embeddable":true,"href":"http:\/\/paroquiagloria.org\/v2\/index.php?rest_route=%2Fwp%2Fv2%2Fcategories&post=5264"},{"taxonomy":"post_tag","embeddable":true,"href":"http:\/\/paroquiagloria.org\/v2\/index.php?rest_route=%2Fwp%2Fv2%2Ftags&post=5264"}],"curies":[{"name":"wp","href":"https:\/\/api.w.org\/{rel}","templated":true}]}}