{"id":5253,"date":"2017-02-11T18:30:53","date_gmt":"2017-02-11T18:30:53","guid":{"rendered":"http:\/\/paroquiagloria.org\/v2\/?p=5253"},"modified":"2017-02-11T18:30:53","modified_gmt":"2017-02-11T18:30:53","slug":"peregrinacao-diocesana-a-fatima-4-de-marco-5","status":"publish","type":"post","link":"http:\/\/paroquiagloria.org\/v2\/?p=5253","title":{"rendered":"Peregrina\u00e7\u00e3o Diocesana a F\u00e1tima &#8211; 4 de Mar\u00e7o"},"content":{"rendered":"<p><a href=\"http:\/\/paroquiagloria.org\/v2\/wp-content\/uploads\/2013\/02\/cartaz_final_low_small.jpg\"><img loading=\"lazy\" class=\"size-large wp-image-5125 aligncenter\" src=\"http:\/\/paroquiagloria.org\/v2\/wp-content\/uploads\/2013\/02\/cartaz_final_low_small-725x1024.jpg\" alt=\"cartaz_final_low_small\" width=\"725\" height=\"1024\" srcset=\"http:\/\/paroquiagloria.org\/v2\/wp-content\/uploads\/2013\/02\/cartaz_final_low_small-725x1024.jpg 725w, http:\/\/paroquiagloria.org\/v2\/wp-content\/uploads\/2013\/02\/cartaz_final_low_small-212x300.jpg 212w, http:\/\/paroquiagloria.org\/v2\/wp-content\/uploads\/2013\/02\/cartaz_final_low_small.jpg 1241w\" sizes=\"(max-width: 725px) 100vw, 725px\" \/><\/a><\/p>\n<p>&nbsp;<\/p>\n<p style=\"text-align: justify;\">At\u00e9 ao final das missas deste domingo recebemos inscri\u00e7\u00f5es para a peregrina\u00e7\u00e3o a F\u00e1tima. Na secretaria recebemos at\u00e9 quarta-feita.<br \/>\nVoltamos a pedir aos que pensam participar nesta peregrina\u00e7\u00e3o e usem meio de transporte pr\u00f3prio que nos indiquem essa inten\u00e7\u00e3o para providenciarmos os necess\u00e1rios gui\u00f5es da peregrina\u00e7\u00e3o. Pode usar para tal o telefone 234422182 ou o e-mail secretaria@paroquiagloria.org.<\/p>\n<p style=\"padding-left: 30px; text-align: justify;\">Informamos que est\u00e3o marcados dois ensaios para os grupos corais a fim de se preparar a anima\u00e7\u00e3o da Eucaristia desta Peregrina\u00e7\u00e3o Diocesana. Decorrer\u00e3o na S\u00e9 nos seguintes dias:<\/p>\n<p style=\"padding-left: 60px;\">&#8211; <strong>22 de fevereiro<\/strong> (quarta-feira), \u00e0s <strong>21h00<\/strong><br \/>\n&#8211; <strong>2 de mar\u00e7o<\/strong> (quinta-feira), \u00e0s <strong>21h00<\/strong><\/p>\n","protected":false},"excerpt":{"rendered":"<p>&nbsp; At\u00e9 ao final das missas deste domingo recebemos inscri\u00e7\u00f5es para a peregrina\u00e7\u00e3o a F\u00e1tima. Na secretaria recebemos at\u00e9 quarta-feita. Voltamos a pedir aos que pensam participar nesta peregrina\u00e7\u00e3o e usem meio de transporte pr\u00f3prio que nos indiquem essa inten\u00e7\u00e3o para providenciarmos os necess\u00e1rios gui\u00f5es da peregrina\u00e7\u00e3o. Pode usar para tal o telefone 234422182 ou [&hellip;]<\/p>\n","protected":false},"author":1,"featured_media":5124,"comment_status":"open","ping_status":"closed","sticky":false,"template":"","format":"standard","meta":{"ngg_post_thumbnail":0},"categories":[1,4,2,6,19],"tags":[],"_links":{"self":[{"href":"http:\/\/paroquiagloria.org\/v2\/index.php?rest_route=\/wp\/v2\/posts\/5253"}],"collection":[{"href":"http:\/\/paroquiagloria.org\/v2\/index.php?rest_route=\/wp\/v2\/posts"}],"about":[{"href":"http:\/\/paroquiagloria.org\/v2\/index.php?rest_route=\/wp\/v2\/types\/post"}],"author":[{"embeddable":true,"href":"http:\/\/paroquiagloria.org\/v2\/index.php?rest_route=\/wp\/v2\/users\/1"}],"replies":[{"embeddable":true,"href":"http:\/\/paroquiagloria.org\/v2\/index.php?rest_route=%2Fwp%2Fv2%2Fcomments&post=5253"}],"version-history":[{"count":1,"href":"http:\/\/paroquiagloria.org\/v2\/index.php?rest_route=\/wp\/v2\/posts\/5253\/revisions"}],"predecessor-version":[{"id":5254,"href":"http:\/\/paroquiagloria.org\/v2\/index.php?rest_route=\/wp\/v2\/posts\/5253\/revisions\/5254"}],"wp:featuredmedia":[{"embeddable":true,"href":"http:\/\/paroquiagloria.org\/v2\/index.php?rest_route=\/wp\/v2\/media\/5124"}],"wp:attachment":[{"href":"http:\/\/paroquiagloria.org\/v2\/index.php?rest_route=%2Fwp%2Fv2%2Fmedia&parent=5253"}],"wp:term":[{"taxonomy":"category","embeddable":true,"href":"http:\/\/paroquiagloria.org\/v2\/index.php?rest_route=%2Fwp%2Fv2%2Fcategories&post=5253"},{"taxonomy":"post_tag","embeddable":true,"href":"http:\/\/paroquiagloria.org\/v2\/index.php?rest_route=%2Fwp%2Fv2%2Ftags&post=5253"}],"curies":[{"name":"wp","href":"https:\/\/api.w.org\/{rel}","templated":true}]}}