{"id":5251,"date":"2017-02-11T18:28:56","date_gmt":"2017-02-11T18:28:56","guid":{"rendered":"http:\/\/paroquiagloria.org\/v2\/?p=5251"},"modified":"2017-02-11T18:28:56","modified_gmt":"2017-02-11T18:28:56","slug":"concerto-de-orgao","status":"publish","type":"post","link":"http:\/\/paroquiagloria.org\/v2\/?p=5251","title":{"rendered":"Concerto de \u00d3rg\u00e3o"},"content":{"rendered":"<p><a href=\"http:\/\/paroquiagloria.org\/v2\/wp-content\/uploads\/2013\/02\/concertoorgaoSe.jpg\"><img loading=\"lazy\" class=\"size-full wp-image-5243 aligncenter\" src=\"http:\/\/paroquiagloria.org\/v2\/wp-content\/uploads\/2013\/02\/concertoorgaoSe.jpg\" alt=\"concertoorgaoSe\" width=\"370\" height=\"524\" srcset=\"http:\/\/paroquiagloria.org\/v2\/wp-content\/uploads\/2013\/02\/concertoorgaoSe.jpg 370w, http:\/\/paroquiagloria.org\/v2\/wp-content\/uploads\/2013\/02\/concertoorgaoSe-212x300.jpg 212w\" sizes=\"(max-width: 370px) 100vw, 370px\" \/><\/a><\/p>\n<p>&nbsp;<\/p>\n<p style=\"text-align: justify;\">A Associa\u00e7\u00e3o Cultural Manuel Faria e a Associa\u00e7\u00e3o Musical pro-organo promovem esta quarta-feira \u00e0s 21h na S\u00e9 um concerto de \u00f3rg\u00e3o de tubos a cargo de Giampaolo di Rosa, no \u00e2mbito do centen\u00e1rio de nascimento do Pe. Manuel Faria. Ser\u00e1 interpretado o \u201ctr\u00edptico lit\u00fargico\u201d da autoria deste compositor bracarense. A entrada \u00e9 livre.<\/p>\n","protected":false},"excerpt":{"rendered":"<p>&nbsp; A Associa\u00e7\u00e3o Cultural Manuel Faria e a Associa\u00e7\u00e3o Musical pro-organo promovem esta quarta-feira \u00e0s 21h na S\u00e9 um concerto de \u00f3rg\u00e3o de tubos a cargo de Giampaolo di Rosa, no \u00e2mbito do centen\u00e1rio de nascimento do Pe. Manuel Faria. Ser\u00e1 interpretado o \u201ctr\u00edptico lit\u00fargico\u201d da autoria deste compositor bracarense. A entrada \u00e9 livre.<\/p>\n","protected":false},"author":1,"featured_media":5240,"comment_status":"open","ping_status":"closed","sticky":false,"template":"","format":"standard","meta":{"ngg_post_thumbnail":0},"categories":[1,4,2,6,19],"tags":[],"_links":{"self":[{"href":"http:\/\/paroquiagloria.org\/v2\/index.php?rest_route=\/wp\/v2\/posts\/5251"}],"collection":[{"href":"http:\/\/paroquiagloria.org\/v2\/index.php?rest_route=\/wp\/v2\/posts"}],"about":[{"href":"http:\/\/paroquiagloria.org\/v2\/index.php?rest_route=\/wp\/v2\/types\/post"}],"author":[{"embeddable":true,"href":"http:\/\/paroquiagloria.org\/v2\/index.php?rest_route=\/wp\/v2\/users\/1"}],"replies":[{"embeddable":true,"href":"http:\/\/paroquiagloria.org\/v2\/index.php?rest_route=%2Fwp%2Fv2%2Fcomments&post=5251"}],"version-history":[{"count":1,"href":"http:\/\/paroquiagloria.org\/v2\/index.php?rest_route=\/wp\/v2\/posts\/5251\/revisions"}],"predecessor-version":[{"id":5252,"href":"http:\/\/paroquiagloria.org\/v2\/index.php?rest_route=\/wp\/v2\/posts\/5251\/revisions\/5252"}],"wp:featuredmedia":[{"embeddable":true,"href":"http:\/\/paroquiagloria.org\/v2\/index.php?rest_route=\/wp\/v2\/media\/5240"}],"wp:attachment":[{"href":"http:\/\/paroquiagloria.org\/v2\/index.php?rest_route=%2Fwp%2Fv2%2Fmedia&parent=5251"}],"wp:term":[{"taxonomy":"category","embeddable":true,"href":"http:\/\/paroquiagloria.org\/v2\/index.php?rest_route=%2Fwp%2Fv2%2Fcategories&post=5251"},{"taxonomy":"post_tag","embeddable":true,"href":"http:\/\/paroquiagloria.org\/v2\/index.php?rest_route=%2Fwp%2Fv2%2Ftags&post=5251"}],"curies":[{"name":"wp","href":"https:\/\/api.w.org\/{rel}","templated":true}]}}