{"id":5215,"date":"2017-02-04T19:04:51","date_gmt":"2017-02-04T19:04:51","guid":{"rendered":"http:\/\/paroquiagloria.org\/v2\/?p=5215"},"modified":"2017-02-04T19:21:02","modified_gmt":"2017-02-04T19:21:02","slug":"dia-mundial-do-doente-11-de-fevereiro","status":"publish","type":"post","link":"http:\/\/paroquiagloria.org\/v2\/?p=5215","title":{"rendered":"Dia Mundial do Doente &#8211; 11 de Fevereiro"},"content":{"rendered":"<p><a href=\"http:\/\/paroquiagloria.org\/v2\/wp-content\/uploads\/2017\/02\/image.png\"><img loading=\"lazy\" class=\"size-large wp-image-5218 aligncenter\" src=\"http:\/\/paroquiagloria.org\/v2\/wp-content\/uploads\/2017\/02\/image-1024x768.png\" alt=\"image\" width=\"1024\" height=\"768\" srcset=\"http:\/\/paroquiagloria.org\/v2\/wp-content\/uploads\/2017\/02\/image-1024x768.png 1024w, http:\/\/paroquiagloria.org\/v2\/wp-content\/uploads\/2017\/02\/image-300x225.png 300w, http:\/\/paroquiagloria.org\/v2\/wp-content\/uploads\/2017\/02\/image.png 1088w\" sizes=\"(max-width: 1024px) 100vw, 1024px\" \/><\/a><\/p>\n<p>No pr\u00f3ximo s\u00e1bado decorre o XXV Dia Mundial do Doente. Na Casa das Irm\u00e3s Dominicanas, a partir das 10h, decorre a celebra\u00e7\u00e3o diocesana, que contempla, entre outros momentos, os seguintes:<\/p>\n<p style=\"padding-left: 30px;\">10h30 &#8211; Reflex\u00e3o sobre a mensagem do Papa para o XXV Dia Mundial do Doente<br \/>\n11h00 &#8211; \u201cA Mensagem de F\u00e1tima na nossa vida. Contexto hist\u00f3rico e fundamenta\u00e7\u00e3o teol\u00f3gica das Apari\u00e7\u00f5es.\u201d<br \/>\n12h05 &#8211; Ciclo Ang\u00e9lico: \u201cAs Apari\u00e7\u00f5es do Anjo\u201d<br \/>\n13h00 &#8211; Almo\u00e7o partilhado<br \/>\n14h00 &#8211; Ciclo Mariano: \u201cAs Apari\u00e7\u00f5es de Nossa Senhora de F\u00e1tima\u201d<br \/>\n16h00 &#8211; Celebra\u00e7\u00e3o da Eucaristia no Hospital de Aveiro<\/p>\n<p>Aqui\u00a0pode encontrar a <a href=\"http:\/\/paroquiagloria.org\/v2\/wp-content\/uploads\/2017\/02\/Mensagem-do-Papa-Francisco_XXV-DIA-MUNDIAL-DO-DOENTE-2017.pdf\" target=\"_blank\">Mensagem<\/a> que o Santo Padre escreve para este dia.<br \/>\nA Comiss\u00e3o Nacional da Pastoral da Sa\u00fade apresenta a seguinte <a href=\"http:\/\/paroquiagloria.org\/v2\/wp-content\/uploads\/2017\/02\/Ora\u00e7\u00e3o-A4_-XXV-DIA-MUNDIAL-DO-DOENTE-2017.pdf\" target=\"_blank\">Ora\u00e7\u00e3o<\/a>:<\/p>\n<p style=\"padding-left: 60px;\">Maria, Virgem e M\u00e3e,<br \/>\nque, com alguns paninhos e uma imensa ternura,<br \/>\ntransformastes um est\u00e1bulo de animais numa casa para Jesus,<br \/>\nolhai com bondade para n\u00f3s,<br \/>\nque invocamos o Vosso nome.<br \/>\nV\u00f3s, que exultastes de alegria no Senhor<br \/>\ne vos mostrais sempre atenta \u00e0 nossa vida,<br \/>\npara que n\u00e3o nos venha a faltar o vinho da festa,<br \/>\ndai-nos admira\u00e7\u00e3o pelas grandes coisas<br \/>\nrealizadas pelo Todo-poderoso.<br \/>\nM\u00e3e de ternura, que a todos acompanhais nas nossas dores<br \/>\ncom o vosso materno cuidado,<br \/>\nabri o nosso cora\u00e7\u00e3o \u00e0 f\u00e9,<br \/>\nabri o nosso cora\u00e7\u00e3o \u00e0 miseric\u00f3rdia,<br \/>\ne aben\u00e7oai as m\u00e3os de quantos tocam e cuidam<br \/>\no corpo sofredor de Cristo que s\u00e3o os nossos doentes.<br \/>\nVirgem Imaculada,<br \/>\nque em Lourdes destes um sinal da vossa presen\u00e7a,<br \/>\ncaminhai connosco, como uma m\u00e3e querida,<br \/>\ne dai a todos os doentes<br \/>\na gra\u00e7a de sentirem a proximidade do amor de Deus.<br \/>\nAmen.<\/p>\n<p style=\"padding-left: 60px;\">\n","protected":false},"excerpt":{"rendered":"<p>No pr\u00f3ximo s\u00e1bado decorre o XXV Dia Mundial do Doente. Na Casa das Irm\u00e3s Dominicanas, a partir das 10h, decorre a celebra\u00e7\u00e3o diocesana, que contempla, entre outros momentos, os seguintes: 10h30 &#8211; Reflex\u00e3o sobre a mensagem do Papa para o XXV Dia Mundial do Doente 11h00 &#8211; \u201cA Mensagem de F\u00e1tima na nossa vida. Contexto [&hellip;]<\/p>\n","protected":false},"author":1,"featured_media":5219,"comment_status":"open","ping_status":"closed","sticky":false,"template":"","format":"standard","meta":{"ngg_post_thumbnail":0},"categories":[1,4,2,6,19],"tags":[],"_links":{"self":[{"href":"http:\/\/paroquiagloria.org\/v2\/index.php?rest_route=\/wp\/v2\/posts\/5215"}],"collection":[{"href":"http:\/\/paroquiagloria.org\/v2\/index.php?rest_route=\/wp\/v2\/posts"}],"about":[{"href":"http:\/\/paroquiagloria.org\/v2\/index.php?rest_route=\/wp\/v2\/types\/post"}],"author":[{"embeddable":true,"href":"http:\/\/paroquiagloria.org\/v2\/index.php?rest_route=\/wp\/v2\/users\/1"}],"replies":[{"embeddable":true,"href":"http:\/\/paroquiagloria.org\/v2\/index.php?rest_route=%2Fwp%2Fv2%2Fcomments&post=5215"}],"version-history":[{"count":1,"href":"http:\/\/paroquiagloria.org\/v2\/index.php?rest_route=\/wp\/v2\/posts\/5215\/revisions"}],"predecessor-version":[{"id":5220,"href":"http:\/\/paroquiagloria.org\/v2\/index.php?rest_route=\/wp\/v2\/posts\/5215\/revisions\/5220"}],"wp:featuredmedia":[{"embeddable":true,"href":"http:\/\/paroquiagloria.org\/v2\/index.php?rest_route=\/wp\/v2\/media\/5219"}],"wp:attachment":[{"href":"http:\/\/paroquiagloria.org\/v2\/index.php?rest_route=%2Fwp%2Fv2%2Fmedia&parent=5215"}],"wp:term":[{"taxonomy":"category","embeddable":true,"href":"http:\/\/paroquiagloria.org\/v2\/index.php?rest_route=%2Fwp%2Fv2%2Fcategories&post=5215"},{"taxonomy":"post_tag","embeddable":true,"href":"http:\/\/paroquiagloria.org\/v2\/index.php?rest_route=%2Fwp%2Fv2%2Ftags&post=5215"}],"curies":[{"name":"wp","href":"https:\/\/api.w.org\/{rel}","templated":true}]}}