{"id":5203,"date":"2017-01-29T11:36:12","date_gmt":"2017-01-29T11:36:12","guid":{"rendered":"http:\/\/paroquiagloria.org\/v2\/?p=5203"},"modified":"2017-01-29T11:36:12","modified_gmt":"2017-01-29T11:36:12","slug":"dois-dedos-de-liturgia-5","status":"publish","type":"post","link":"http:\/\/paroquiagloria.org\/v2\/?p=5203","title":{"rendered":"Dois dedos de Liturgia (5)"},"content":{"rendered":"<p><a href=\"http:\/\/paroquiagloria.org\/v2\/wp-content\/uploads\/2017\/01\/Domingo-Dia-do-Senhor.jpg\"><img loading=\"lazy\" class=\"size-full wp-image-5205 aligncenter\" src=\"http:\/\/paroquiagloria.org\/v2\/wp-content\/uploads\/2017\/01\/Domingo-Dia-do-Senhor.jpg\" alt=\"Domingo-Dia-do-Senhor\" width=\"365\" height=\"376\" srcset=\"http:\/\/paroquiagloria.org\/v2\/wp-content\/uploads\/2017\/01\/Domingo-Dia-do-Senhor.jpg 365w, http:\/\/paroquiagloria.org\/v2\/wp-content\/uploads\/2017\/01\/Domingo-Dia-do-Senhor-291x300.jpg 291w\" sizes=\"(max-width: 365px) 100vw, 365px\" \/><\/a><\/p>\n<p>&nbsp;<\/p>\n<p>&nbsp;<\/p>\n<h4 style=\"text-align: justify;\">&#8211; O que \u00e9 a Assembleia Lit\u00fargica?<\/h4>\n<p style=\"text-align: justify;\">\nA Assembleia Lit\u00fargica \u00e9 a comunidade crist\u00e3 convocada e reunida sob a presid\u00eancia de um ministro da Igreja para um acto eclesial, especialmente para a celebra\u00e7\u00e3o eucar\u00edstica do domingo. Na Assembleia Lit\u00fargica manifesta-se a Igreja, na sua unidade, na diversidade das fun\u00e7\u00f5es e na sua vitalidade. Na celebra\u00e7\u00e3o da missa, Cristo est\u00e1 presente, n\u00e3o s\u00f3 na pessoa do ministro (habitualmente o sacerdote), como na Palavra proclamada, nas esp\u00e9cies eucar\u00edsticas do p\u00e3o e do vinho, mas tamb\u00e9m na pr\u00f3pria Assembleia congregada em Seu nome (IGMR, 27). Numa assembleia reunida para a celebra\u00e7\u00e3o da liturgia, cada qual tem o direito e o dever de desempenhar o of\u00edcio que lhe pertence, de acordo com a diversidade da ordem e fun\u00e7\u00e3o. Desta forma se manifesta a Igreja, nas suas diferentes ordens e minist\u00e9rios, como um corpo, cujos membros constituem um s\u00f3 todo. A celebra\u00e7\u00e3o da Eucaristia \u00e9 um encontro entre Cristo e a Igreja e por isso a assembleia lit\u00fargica tira a sua unidade da \u201ccomunh\u00e3o do Esp\u00edrito Santo\u201d, que congrega os filhos de Deus no \u00fanico corpo de Cristo.<\/p>\n<p style=\"text-align: right;\">* envie as suas quest\u00f5es para doisdedosdeliturgia@gmail.com<\/p>\n","protected":false},"excerpt":{"rendered":"<p>&nbsp; &nbsp; &#8211; O que \u00e9 a Assembleia Lit\u00fargica? A Assembleia Lit\u00fargica \u00e9 a comunidade crist\u00e3 convocada e reunida sob a presid\u00eancia de um ministro da Igreja para um acto eclesial, especialmente para a celebra\u00e7\u00e3o eucar\u00edstica do domingo. Na Assembleia Lit\u00fargica manifesta-se a Igreja, na sua unidade, na diversidade das fun\u00e7\u00f5es e na sua vitalidade. [&hellip;]<\/p>\n","protected":false},"author":1,"featured_media":5204,"comment_status":"open","ping_status":"closed","sticky":false,"template":"","format":"standard","meta":{"ngg_post_thumbnail":0},"categories":[1,4,2,6,19],"tags":[],"_links":{"self":[{"href":"http:\/\/paroquiagloria.org\/v2\/index.php?rest_route=\/wp\/v2\/posts\/5203"}],"collection":[{"href":"http:\/\/paroquiagloria.org\/v2\/index.php?rest_route=\/wp\/v2\/posts"}],"about":[{"href":"http:\/\/paroquiagloria.org\/v2\/index.php?rest_route=\/wp\/v2\/types\/post"}],"author":[{"embeddable":true,"href":"http:\/\/paroquiagloria.org\/v2\/index.php?rest_route=\/wp\/v2\/users\/1"}],"replies":[{"embeddable":true,"href":"http:\/\/paroquiagloria.org\/v2\/index.php?rest_route=%2Fwp%2Fv2%2Fcomments&post=5203"}],"version-history":[{"count":1,"href":"http:\/\/paroquiagloria.org\/v2\/index.php?rest_route=\/wp\/v2\/posts\/5203\/revisions"}],"predecessor-version":[{"id":5206,"href":"http:\/\/paroquiagloria.org\/v2\/index.php?rest_route=\/wp\/v2\/posts\/5203\/revisions\/5206"}],"wp:featuredmedia":[{"embeddable":true,"href":"http:\/\/paroquiagloria.org\/v2\/index.php?rest_route=\/wp\/v2\/media\/5204"}],"wp:attachment":[{"href":"http:\/\/paroquiagloria.org\/v2\/index.php?rest_route=%2Fwp%2Fv2%2Fmedia&parent=5203"}],"wp:term":[{"taxonomy":"category","embeddable":true,"href":"http:\/\/paroquiagloria.org\/v2\/index.php?rest_route=%2Fwp%2Fv2%2Fcategories&post=5203"},{"taxonomy":"post_tag","embeddable":true,"href":"http:\/\/paroquiagloria.org\/v2\/index.php?rest_route=%2Fwp%2Fv2%2Ftags&post=5203"}],"curies":[{"name":"wp","href":"https:\/\/api.w.org\/{rel}","templated":true}]}}