{"id":5198,"date":"2017-01-29T11:24:18","date_gmt":"2017-01-29T11:24:18","guid":{"rendered":"http:\/\/paroquiagloria.org\/v2\/?p=5198"},"modified":"2017-01-29T11:24:18","modified_gmt":"2017-01-29T11:24:18","slug":"peregrinacao-diocesana-a-fatima-4-de-marco-3","status":"publish","type":"post","link":"http:\/\/paroquiagloria.org\/v2\/?p=5198","title":{"rendered":"Peregrina\u00e7\u00e3o Diocesana a F\u00e1tima | 4 de Mar\u00e7o"},"content":{"rendered":"<p><a href=\"http:\/\/paroquiagloria.org\/v2\/wp-content\/uploads\/2013\/02\/cartaz_final_low_small.jpg\"><img loading=\"lazy\" class=\"alignnone size-large wp-image-5125\" src=\"http:\/\/paroquiagloria.org\/v2\/wp-content\/uploads\/2013\/02\/cartaz_final_low_small-725x1024.jpg\" alt=\"cartaz_final_low_small\" width=\"725\" height=\"1024\" srcset=\"http:\/\/paroquiagloria.org\/v2\/wp-content\/uploads\/2013\/02\/cartaz_final_low_small-725x1024.jpg 725w, http:\/\/paroquiagloria.org\/v2\/wp-content\/uploads\/2013\/02\/cartaz_final_low_small-212x300.jpg 212w, http:\/\/paroquiagloria.org\/v2\/wp-content\/uploads\/2013\/02\/cartaz_final_low_small.jpg 1241w\" sizes=\"(max-width: 725px) 100vw, 725px\" \/><\/a><\/p>\n<p>&nbsp;<\/p>\n<p>&nbsp;<\/p>\n<p style=\"text-align: justify;\">Como Igreja diocesana, iremos peregrinar ao Santu\u00e1rio de F\u00e1tima, no dia 4 de Mar\u00e7o. Est\u00e3o abertas, at\u00e9 15 de Fevereiro, as inscri\u00e7\u00f5es na secretaria paroquial para quem deseja participar. As par\u00f3quias do arciprestado de Aveiro criaram um kit que custa 12 euros e inclui a viagem em autocarro, uma bandana, um ter\u00e7o e ainda o material disponibilizado pela Diocese.<br \/>\nPedimos aos que pensam participar nesta peregrina\u00e7\u00e3o e usem meio de transporte pr\u00f3prio que nos indiquem essa inten\u00e7\u00e3o para providenciarmos os necess\u00e1rios gui\u00f5es da peregrina\u00e7\u00e3o. Pode usar, para tal, o telefone 234422182 ou o e-mail secretaria@paroquiagloria.org.<\/p>\n","protected":false},"excerpt":{"rendered":"<p>&nbsp; &nbsp; Como Igreja diocesana, iremos peregrinar ao Santu\u00e1rio de F\u00e1tima, no dia 4 de Mar\u00e7o. Est\u00e3o abertas, at\u00e9 15 de Fevereiro, as inscri\u00e7\u00f5es na secretaria paroquial para quem deseja participar. As par\u00f3quias do arciprestado de Aveiro criaram um kit que custa 12 euros e inclui a viagem em autocarro, uma bandana, um ter\u00e7o e [&hellip;]<\/p>\n","protected":false},"author":1,"featured_media":5124,"comment_status":"open","ping_status":"closed","sticky":false,"template":"","format":"standard","meta":{"ngg_post_thumbnail":0},"categories":[1,4,2,6,19],"tags":[],"_links":{"self":[{"href":"http:\/\/paroquiagloria.org\/v2\/index.php?rest_route=\/wp\/v2\/posts\/5198"}],"collection":[{"href":"http:\/\/paroquiagloria.org\/v2\/index.php?rest_route=\/wp\/v2\/posts"}],"about":[{"href":"http:\/\/paroquiagloria.org\/v2\/index.php?rest_route=\/wp\/v2\/types\/post"}],"author":[{"embeddable":true,"href":"http:\/\/paroquiagloria.org\/v2\/index.php?rest_route=\/wp\/v2\/users\/1"}],"replies":[{"embeddable":true,"href":"http:\/\/paroquiagloria.org\/v2\/index.php?rest_route=%2Fwp%2Fv2%2Fcomments&post=5198"}],"version-history":[{"count":1,"href":"http:\/\/paroquiagloria.org\/v2\/index.php?rest_route=\/wp\/v2\/posts\/5198\/revisions"}],"predecessor-version":[{"id":5199,"href":"http:\/\/paroquiagloria.org\/v2\/index.php?rest_route=\/wp\/v2\/posts\/5198\/revisions\/5199"}],"wp:featuredmedia":[{"embeddable":true,"href":"http:\/\/paroquiagloria.org\/v2\/index.php?rest_route=\/wp\/v2\/media\/5124"}],"wp:attachment":[{"href":"http:\/\/paroquiagloria.org\/v2\/index.php?rest_route=%2Fwp%2Fv2%2Fmedia&parent=5198"}],"wp:term":[{"taxonomy":"category","embeddable":true,"href":"http:\/\/paroquiagloria.org\/v2\/index.php?rest_route=%2Fwp%2Fv2%2Fcategories&post=5198"},{"taxonomy":"post_tag","embeddable":true,"href":"http:\/\/paroquiagloria.org\/v2\/index.php?rest_route=%2Fwp%2Fv2%2Ftags&post=5198"}],"curies":[{"name":"wp","href":"https:\/\/api.w.org\/{rel}","templated":true}]}}