{"id":5195,"date":"2017-01-28T20:09:22","date_gmt":"2017-01-28T20:09:22","guid":{"rendered":"http:\/\/paroquiagloria.org\/v2\/?p=5195"},"modified":"2017-01-28T20:09:22","modified_gmt":"2017-01-28T20:09:22","slug":"assembleia-dos-consagrados","status":"publish","type":"post","link":"http:\/\/paroquiagloria.org\/v2\/?p=5195","title":{"rendered":"Assembleia dos Consagrados"},"content":{"rendered":"<p><a href=\"http:\/\/paroquiagloria.org\/v2\/wp-content\/uploads\/2014\/02\/consagrada2015.jpg\"><img loading=\"lazy\" class=\"size-full wp-image-1942 aligncenter\" src=\"http:\/\/paroquiagloria.org\/v2\/wp-content\/uploads\/2014\/02\/consagrada2015.jpg\" alt=\"consagrada2015\" width=\"640\" height=\"392\" srcset=\"http:\/\/paroquiagloria.org\/v2\/wp-content\/uploads\/2014\/02\/consagrada2015.jpg 640w, http:\/\/paroquiagloria.org\/v2\/wp-content\/uploads\/2014\/02\/consagrada2015-300x183.jpg 300w\" sizes=\"(max-width: 640px) 100vw, 640px\" \/><\/a><\/p>\n<p>No pr\u00f3ximo domingo, concluindo a Semana do Consagrado, decorre uma Assembleia diocesana de todos os Consagrados e Consagradas, promovido pela CIRP, que ter\u00e1 lugar no nosso sal\u00e3o paroquial. O programa \u00e9 assim composto:<\/p>\n<p style=\"padding-left: 30px;\">15h30 &#8211; Reflex\u00e3o e Di\u00e1logo sobre Pastoral Vocacional e Intercongregacionalidade;<br \/>\n17h00 &#8211; Lanche partilhado e conv\u00edvio;<br \/>\n18h30 &#8211; V\u00e9speras;<br \/>\n19h00 &#8211; Eucaristia na S\u00e9, presidida pelo Bispo Diocesano.<\/p>\n","protected":false},"excerpt":{"rendered":"<p>No pr\u00f3ximo domingo, concluindo a Semana do Consagrado, decorre uma Assembleia diocesana de todos os Consagrados e Consagradas, promovido pela CIRP, que ter\u00e1 lugar no nosso sal\u00e3o paroquial. O programa \u00e9 assim composto: 15h30 &#8211; Reflex\u00e3o e Di\u00e1logo sobre Pastoral Vocacional e Intercongregacionalidade; 17h00 &#8211; Lanche partilhado e conv\u00edvio; 18h30 &#8211; V\u00e9speras; 19h00 &#8211; Eucaristia [&hellip;]<\/p>\n","protected":false},"author":1,"featured_media":5196,"comment_status":"open","ping_status":"closed","sticky":false,"template":"","format":"standard","meta":{"ngg_post_thumbnail":0},"categories":[1,4,2,6,19],"tags":[],"_links":{"self":[{"href":"http:\/\/paroquiagloria.org\/v2\/index.php?rest_route=\/wp\/v2\/posts\/5195"}],"collection":[{"href":"http:\/\/paroquiagloria.org\/v2\/index.php?rest_route=\/wp\/v2\/posts"}],"about":[{"href":"http:\/\/paroquiagloria.org\/v2\/index.php?rest_route=\/wp\/v2\/types\/post"}],"author":[{"embeddable":true,"href":"http:\/\/paroquiagloria.org\/v2\/index.php?rest_route=\/wp\/v2\/users\/1"}],"replies":[{"embeddable":true,"href":"http:\/\/paroquiagloria.org\/v2\/index.php?rest_route=%2Fwp%2Fv2%2Fcomments&post=5195"}],"version-history":[{"count":1,"href":"http:\/\/paroquiagloria.org\/v2\/index.php?rest_route=\/wp\/v2\/posts\/5195\/revisions"}],"predecessor-version":[{"id":5197,"href":"http:\/\/paroquiagloria.org\/v2\/index.php?rest_route=\/wp\/v2\/posts\/5195\/revisions\/5197"}],"wp:featuredmedia":[{"embeddable":true,"href":"http:\/\/paroquiagloria.org\/v2\/index.php?rest_route=\/wp\/v2\/media\/5196"}],"wp:attachment":[{"href":"http:\/\/paroquiagloria.org\/v2\/index.php?rest_route=%2Fwp%2Fv2%2Fmedia&parent=5195"}],"wp:term":[{"taxonomy":"category","embeddable":true,"href":"http:\/\/paroquiagloria.org\/v2\/index.php?rest_route=%2Fwp%2Fv2%2Fcategories&post=5195"},{"taxonomy":"post_tag","embeddable":true,"href":"http:\/\/paroquiagloria.org\/v2\/index.php?rest_route=%2Fwp%2Fv2%2Ftags&post=5195"}],"curies":[{"name":"wp","href":"https:\/\/api.w.org\/{rel}","templated":true}]}}