{"id":5193,"date":"2017-01-28T19:59:14","date_gmt":"2017-01-28T19:59:14","guid":{"rendered":"http:\/\/paroquiagloria.org\/v2\/?p=5193"},"modified":"2017-01-28T19:59:14","modified_gmt":"2017-01-28T19:59:14","slug":"formacao-do-clero","status":"publish","type":"post","link":"http:\/\/paroquiagloria.org\/v2\/?p=5193","title":{"rendered":"Forma\u00e7\u00e3o do Clero"},"content":{"rendered":"<p><a href=\"http:\/\/paroquiagloria.org\/v2\/wp-content\/uploads\/2016\/01\/banner_formacaoclero.jpg\"><img loading=\"lazy\" class=\"alignnone size-full wp-image-4055\" src=\"http:\/\/paroquiagloria.org\/v2\/wp-content\/uploads\/2016\/01\/banner_formacaoclero.jpg\" alt=\"banner_formacaoclero\" width=\"960\" height=\"450\" srcset=\"http:\/\/paroquiagloria.org\/v2\/wp-content\/uploads\/2016\/01\/banner_formacaoclero.jpg 960w, http:\/\/paroquiagloria.org\/v2\/wp-content\/uploads\/2016\/01\/banner_formacaoclero-300x141.jpg 300w\" sizes=\"(max-width: 960px) 100vw, 960px\" \/><\/a><\/p>\n<p>O clero diocesano re\u00fane-se esta semana para as habituais jornadas de forma\u00e7\u00e3o permanente. Este ano tratar\u00e1 de diversos temas ligados \u00e0 antropologia crist\u00e3, a partir da cita\u00e7\u00e3o b\u00edblica <em>\u00abDeus os criou homem e mulher\u00bb<\/em> (Gn <em>1,27<\/em>). Ter\u00e7a, quarta e quinta-feira passam pela casa diocesana, entre outros, os padres Vasco Pinto de Magalh\u00e3es, S.J. e Jorge Cunha, bem como o juiz Pedro Vaz Patto e Lu\u00eds Silva.<\/p>\n","protected":false},"excerpt":{"rendered":"<p>O clero diocesano re\u00fane-se esta semana para as habituais jornadas de forma\u00e7\u00e3o permanente. Este ano tratar\u00e1 de diversos temas ligados \u00e0 antropologia crist\u00e3, a partir da cita\u00e7\u00e3o b\u00edblica \u00abDeus os criou homem e mulher\u00bb (Gn 1,27). Ter\u00e7a, quarta e quinta-feira passam pela casa diocesana, entre outros, os padres Vasco Pinto de Magalh\u00e3es, S.J. e Jorge [&hellip;]<\/p>\n","protected":false},"author":1,"featured_media":4055,"comment_status":"open","ping_status":"closed","sticky":false,"template":"","format":"standard","meta":{"ngg_post_thumbnail":0},"categories":[1,4,2,6,19],"tags":[],"_links":{"self":[{"href":"http:\/\/paroquiagloria.org\/v2\/index.php?rest_route=\/wp\/v2\/posts\/5193"}],"collection":[{"href":"http:\/\/paroquiagloria.org\/v2\/index.php?rest_route=\/wp\/v2\/posts"}],"about":[{"href":"http:\/\/paroquiagloria.org\/v2\/index.php?rest_route=\/wp\/v2\/types\/post"}],"author":[{"embeddable":true,"href":"http:\/\/paroquiagloria.org\/v2\/index.php?rest_route=\/wp\/v2\/users\/1"}],"replies":[{"embeddable":true,"href":"http:\/\/paroquiagloria.org\/v2\/index.php?rest_route=%2Fwp%2Fv2%2Fcomments&post=5193"}],"version-history":[{"count":1,"href":"http:\/\/paroquiagloria.org\/v2\/index.php?rest_route=\/wp\/v2\/posts\/5193\/revisions"}],"predecessor-version":[{"id":5194,"href":"http:\/\/paroquiagloria.org\/v2\/index.php?rest_route=\/wp\/v2\/posts\/5193\/revisions\/5194"}],"wp:featuredmedia":[{"embeddable":true,"href":"http:\/\/paroquiagloria.org\/v2\/index.php?rest_route=\/wp\/v2\/media\/4055"}],"wp:attachment":[{"href":"http:\/\/paroquiagloria.org\/v2\/index.php?rest_route=%2Fwp%2Fv2%2Fmedia&parent=5193"}],"wp:term":[{"taxonomy":"category","embeddable":true,"href":"http:\/\/paroquiagloria.org\/v2\/index.php?rest_route=%2Fwp%2Fv2%2Fcategories&post=5193"},{"taxonomy":"post_tag","embeddable":true,"href":"http:\/\/paroquiagloria.org\/v2\/index.php?rest_route=%2Fwp%2Fv2%2Ftags&post=5193"}],"curies":[{"name":"wp","href":"https:\/\/api.w.org\/{rel}","templated":true}]}}