{"id":5143,"date":"2017-01-15T11:07:47","date_gmt":"2017-01-15T11:07:47","guid":{"rendered":"http:\/\/paroquiagloria.org\/v2\/?p=5143"},"modified":"2017-01-15T11:07:47","modified_gmt":"2017-01-15T11:07:47","slug":"semana-de-oracao-pela-unidade-dos-cristaos-4","status":"publish","type":"post","link":"http:\/\/paroquiagloria.org\/v2\/?p=5143","title":{"rendered":"Semana de Ora\u00e7\u00e3o pela Unidade dos Crist\u00e3os"},"content":{"rendered":"<p><a href=\"http:\/\/paroquiagloria.org\/v2\/wp-content\/uploads\/2017\/01\/observatorioPAx.jpg\"><img loading=\"lazy\" class=\"size-full wp-image-5144 aligncenter\" src=\"http:\/\/paroquiagloria.org\/v2\/wp-content\/uploads\/2017\/01\/observatorioPAx.jpg\" alt=\"observatorioPAx\" width=\"600\" height=\"400\" srcset=\"http:\/\/paroquiagloria.org\/v2\/wp-content\/uploads\/2017\/01\/observatorioPAx.jpg 600w, http:\/\/paroquiagloria.org\/v2\/wp-content\/uploads\/2017\/01\/observatorioPAx-300x200.jpg 300w, http:\/\/paroquiagloria.org\/v2\/wp-content\/uploads\/2017\/01\/observatorioPAx-140x94.jpg 140w\" sizes=\"(max-width: 600px) 100vw, 600px\" \/><\/a><\/p>\n<p>&nbsp;<\/p>\n<p>De 18 a 25 de Janeiro decorre a Semana de Ora\u00e7\u00e3o pela dos Crist\u00e3os, tendo como pano de fundo os 500 anos da Reforma de Martinho Lutero. O tema deste ano \u00e9 &#8220;Reconcilia\u00e7\u00e3o. \u00c9 o amor de Cristo que nos impele&#8221;, a partir do texto b\u00edblico de 2 Cor\u00edntios 4, 14-20. Os subs\u00eddios de ora\u00e7\u00e3o foram preparados conjuntamente pelo Pontif\u00edcio Conselho para a Promo\u00e7\u00e3o da Unidade dos Crist\u00e3os e pela Comiss\u00e3o F\u00e9 e Constitui\u00e7\u00e3o do Conselho Mundial de Igrejas.<br \/>\nDesse gui\u00e3o partilhamos esta proposta de ora\u00e7\u00e3o:<\/p>\n<p style=\"padding-left: 60px;\"><em>Senhor Jesus, <\/em><br \/>\n<em>tu disseste que \u00e9 pelo amor uns aos outros <\/em><br \/>\n<em>que seriamos reconhecidos como teus disc\u00edpulos. <\/em><br \/>\n<em>Fortalecidos pela tua gra\u00e7a, <\/em><br \/>\n<em>possamos trabalhar incansavelmente <\/em><br \/>\n<em>pela unidade vis\u00edvel da tua Igreja,<\/em><br \/>\n<em>a fim de que a Boa Nova que tu nos chamaste a proclamar <\/em><br \/>\n<em>possa ser compreendida em cada uma das nossas palavras <\/em><br \/>\n<em>e em todos os nossos actos. Am\u00e9m<\/em><\/p>\n","protected":false},"excerpt":{"rendered":"<p>&nbsp; De 18 a 25 de Janeiro decorre a Semana de Ora\u00e7\u00e3o pela dos Crist\u00e3os, tendo como pano de fundo os 500 anos da Reforma de Martinho Lutero. O tema deste ano \u00e9 &#8220;Reconcilia\u00e7\u00e3o. \u00c9 o amor de Cristo que nos impele&#8221;, a partir do texto b\u00edblico de 2 Cor\u00edntios 4, 14-20. Os subs\u00eddios de [&hellip;]<\/p>\n","protected":false},"author":1,"featured_media":5145,"comment_status":"open","ping_status":"closed","sticky":false,"template":"","format":"standard","meta":{"ngg_post_thumbnail":0},"categories":[1,4,2,6,19],"tags":[],"_links":{"self":[{"href":"http:\/\/paroquiagloria.org\/v2\/index.php?rest_route=\/wp\/v2\/posts\/5143"}],"collection":[{"href":"http:\/\/paroquiagloria.org\/v2\/index.php?rest_route=\/wp\/v2\/posts"}],"about":[{"href":"http:\/\/paroquiagloria.org\/v2\/index.php?rest_route=\/wp\/v2\/types\/post"}],"author":[{"embeddable":true,"href":"http:\/\/paroquiagloria.org\/v2\/index.php?rest_route=\/wp\/v2\/users\/1"}],"replies":[{"embeddable":true,"href":"http:\/\/paroquiagloria.org\/v2\/index.php?rest_route=%2Fwp%2Fv2%2Fcomments&post=5143"}],"version-history":[{"count":1,"href":"http:\/\/paroquiagloria.org\/v2\/index.php?rest_route=\/wp\/v2\/posts\/5143\/revisions"}],"predecessor-version":[{"id":5146,"href":"http:\/\/paroquiagloria.org\/v2\/index.php?rest_route=\/wp\/v2\/posts\/5143\/revisions\/5146"}],"wp:featuredmedia":[{"embeddable":true,"href":"http:\/\/paroquiagloria.org\/v2\/index.php?rest_route=\/wp\/v2\/media\/5145"}],"wp:attachment":[{"href":"http:\/\/paroquiagloria.org\/v2\/index.php?rest_route=%2Fwp%2Fv2%2Fmedia&parent=5143"}],"wp:term":[{"taxonomy":"category","embeddable":true,"href":"http:\/\/paroquiagloria.org\/v2\/index.php?rest_route=%2Fwp%2Fv2%2Fcategories&post=5143"},{"taxonomy":"post_tag","embeddable":true,"href":"http:\/\/paroquiagloria.org\/v2\/index.php?rest_route=%2Fwp%2Fv2%2Ftags&post=5143"}],"curies":[{"name":"wp","href":"https:\/\/api.w.org\/{rel}","templated":true}]}}