{"id":5140,"date":"2017-01-15T10:59:23","date_gmt":"2017-01-15T10:59:23","guid":{"rendered":"http:\/\/paroquiagloria.org\/v2\/?p=5140"},"modified":"2017-01-15T11:03:48","modified_gmt":"2017-01-15T11:03:48","slug":"peregrinacao-diocesana-a-fatima-4-de-marco","status":"publish","type":"post","link":"http:\/\/paroquiagloria.org\/v2\/?p=5140","title":{"rendered":"Peregrina\u00e7\u00e3o Diocesana a F\u00e1tima | 4 de Mar\u00e7o"},"content":{"rendered":"<p><a href=\"http:\/\/paroquiagloria.org\/v2\/wp-content\/uploads\/2013\/02\/cartaz_final_low_small.jpg\"><img loading=\"lazy\" class=\"size-large wp-image-5125 aligncenter\" src=\"http:\/\/paroquiagloria.org\/v2\/wp-content\/uploads\/2013\/02\/cartaz_final_low_small-725x1024.jpg\" alt=\"cartaz_final_low_small\" width=\"725\" height=\"1024\" srcset=\"http:\/\/paroquiagloria.org\/v2\/wp-content\/uploads\/2013\/02\/cartaz_final_low_small-725x1024.jpg 725w, http:\/\/paroquiagloria.org\/v2\/wp-content\/uploads\/2013\/02\/cartaz_final_low_small-212x300.jpg 212w, http:\/\/paroquiagloria.org\/v2\/wp-content\/uploads\/2013\/02\/cartaz_final_low_small.jpg 1241w\" sizes=\"(max-width: 725px) 100vw, 725px\" \/><\/a><\/p>\n<p style=\"text-align: justify;\">Neste ano do Centen\u00e1rio das Apari\u00e7\u00f5es, no dia 4 de Mar\u00e7o, haver\u00e1 uma Peregrina\u00e7\u00e3o Diocesana ao Santu\u00e1rio de F\u00e1tima. O programa deste dia de congrega\u00e7\u00e3o diocesana prev\u00ea a Eucaristia na Bas\u00edlica da Sant\u00edssima Trindade, uma assembleia diocesana e a recita\u00e7\u00e3o do ter\u00e7o na Capelinha das Apari\u00e7\u00f5es. Em rela\u00e7\u00e3o ao almo\u00e7o, desde j\u00e1, se aconselha a que cada um leve o seu farnel.<br \/>\nNas par\u00f3quias do nosso arciprestado de Aveiro preparamos um kit por 12 euros que inclui a viagem em autocarro, uma bandana, um ter\u00e7o e ainda o material diocesano. As inscri\u00e7\u00f5es devem ser feitas desde j\u00e1 na secretaria paroquial obrigatoriamente at\u00e9 ao dia 15 de Fevereiro.<br \/>\nTamb\u00e9m pedimos aos que pensam participar nesta peregrina\u00e7\u00e3o e usem, para tal, meio de transporte pr\u00f3prio que nos indiquem essa inten\u00e7\u00e3o para providenciarmos os necess\u00e1rios gui\u00f5es da peregrina\u00e7\u00e3o. Pode usar o telefone 234422182 ou o e-mail: secretaria@paroquiagloria.org.<\/p>\n","protected":false},"excerpt":{"rendered":"<p>Neste ano do Centen\u00e1rio das Apari\u00e7\u00f5es, no dia 4 de Mar\u00e7o, haver\u00e1 uma Peregrina\u00e7\u00e3o Diocesana ao Santu\u00e1rio de F\u00e1tima. O programa deste dia de congrega\u00e7\u00e3o diocesana prev\u00ea a Eucaristia na Bas\u00edlica da Sant\u00edssima Trindade, uma assembleia diocesana e a recita\u00e7\u00e3o do ter\u00e7o na Capelinha das Apari\u00e7\u00f5es. Em rela\u00e7\u00e3o ao almo\u00e7o, desde j\u00e1, se aconselha a [&hellip;]<\/p>\n","protected":false},"author":1,"featured_media":5124,"comment_status":"open","ping_status":"closed","sticky":false,"template":"","format":"standard","meta":{"ngg_post_thumbnail":0},"categories":[1,4,2,6,19],"tags":[],"_links":{"self":[{"href":"http:\/\/paroquiagloria.org\/v2\/index.php?rest_route=\/wp\/v2\/posts\/5140"}],"collection":[{"href":"http:\/\/paroquiagloria.org\/v2\/index.php?rest_route=\/wp\/v2\/posts"}],"about":[{"href":"http:\/\/paroquiagloria.org\/v2\/index.php?rest_route=\/wp\/v2\/types\/post"}],"author":[{"embeddable":true,"href":"http:\/\/paroquiagloria.org\/v2\/index.php?rest_route=\/wp\/v2\/users\/1"}],"replies":[{"embeddable":true,"href":"http:\/\/paroquiagloria.org\/v2\/index.php?rest_route=%2Fwp%2Fv2%2Fcomments&post=5140"}],"version-history":[{"count":2,"href":"http:\/\/paroquiagloria.org\/v2\/index.php?rest_route=\/wp\/v2\/posts\/5140\/revisions"}],"predecessor-version":[{"id":5142,"href":"http:\/\/paroquiagloria.org\/v2\/index.php?rest_route=\/wp\/v2\/posts\/5140\/revisions\/5142"}],"wp:featuredmedia":[{"embeddable":true,"href":"http:\/\/paroquiagloria.org\/v2\/index.php?rest_route=\/wp\/v2\/media\/5124"}],"wp:attachment":[{"href":"http:\/\/paroquiagloria.org\/v2\/index.php?rest_route=%2Fwp%2Fv2%2Fmedia&parent=5140"}],"wp:term":[{"taxonomy":"category","embeddable":true,"href":"http:\/\/paroquiagloria.org\/v2\/index.php?rest_route=%2Fwp%2Fv2%2Fcategories&post=5140"},{"taxonomy":"post_tag","embeddable":true,"href":"http:\/\/paroquiagloria.org\/v2\/index.php?rest_route=%2Fwp%2Fv2%2Ftags&post=5140"}],"curies":[{"name":"wp","href":"https:\/\/api.w.org\/{rel}","templated":true}]}}