{"id":5136,"date":"2017-01-15T10:57:57","date_gmt":"2017-01-15T10:57:57","guid":{"rendered":"http:\/\/paroquiagloria.org\/v2\/?p=5136"},"modified":"2017-01-15T10:57:57","modified_gmt":"2017-01-15T10:57:57","slug":"animadores-juvenis","status":"publish","type":"post","link":"http:\/\/paroquiagloria.org\/v2\/?p=5136","title":{"rendered":"Animadores juvenis"},"content":{"rendered":"<p><a href=\"http:\/\/paroquiagloria.org\/v2\/wp-content\/uploads\/2017\/01\/A3-assembleia2017.jpg\"><img loading=\"lazy\" class=\"size-full wp-image-5137 aligncenter\" src=\"http:\/\/paroquiagloria.org\/v2\/wp-content\/uploads\/2017\/01\/A3-assembleia2017.jpg\" alt=\"A3-assembleia2017\" width=\"480\" height=\"678\" srcset=\"http:\/\/paroquiagloria.org\/v2\/wp-content\/uploads\/2017\/01\/A3-assembleia2017.jpg 480w, http:\/\/paroquiagloria.org\/v2\/wp-content\/uploads\/2017\/01\/A3-assembleia2017-212x300.jpg 212w\" sizes=\"(max-width: 480px) 100vw, 480px\" \/><\/a><\/p>\n<p>Os animadores dos grupos juvenis de toda a diocese est\u00e3o convocados para a A3 &#8211; Assembleia de Animadores de Aveiro que decorre no pr\u00f3ximo s\u00e1bado entre as 9h e as 13h, no Sal\u00e3o D. Jo\u00e3o Evangelista (Sal\u00e3o das Florinhas). O tema \u00e9 &#8220;Espero(-me) em Ti&#8221;.<\/p>\n","protected":false},"excerpt":{"rendered":"<p>Os animadores dos grupos juvenis de toda a diocese est\u00e3o convocados para a A3 &#8211; Assembleia de Animadores de Aveiro que decorre no pr\u00f3ximo s\u00e1bado entre as 9h e as 13h, no Sal\u00e3o D. Jo\u00e3o Evangelista (Sal\u00e3o das Florinhas). O tema \u00e9 &#8220;Espero(-me) em Ti&#8221;.<\/p>\n","protected":false},"author":1,"featured_media":5138,"comment_status":"open","ping_status":"closed","sticky":false,"template":"","format":"standard","meta":{"ngg_post_thumbnail":0},"categories":[1,4,2,6,19],"tags":[],"_links":{"self":[{"href":"http:\/\/paroquiagloria.org\/v2\/index.php?rest_route=\/wp\/v2\/posts\/5136"}],"collection":[{"href":"http:\/\/paroquiagloria.org\/v2\/index.php?rest_route=\/wp\/v2\/posts"}],"about":[{"href":"http:\/\/paroquiagloria.org\/v2\/index.php?rest_route=\/wp\/v2\/types\/post"}],"author":[{"embeddable":true,"href":"http:\/\/paroquiagloria.org\/v2\/index.php?rest_route=\/wp\/v2\/users\/1"}],"replies":[{"embeddable":true,"href":"http:\/\/paroquiagloria.org\/v2\/index.php?rest_route=%2Fwp%2Fv2%2Fcomments&post=5136"}],"version-history":[{"count":1,"href":"http:\/\/paroquiagloria.org\/v2\/index.php?rest_route=\/wp\/v2\/posts\/5136\/revisions"}],"predecessor-version":[{"id":5139,"href":"http:\/\/paroquiagloria.org\/v2\/index.php?rest_route=\/wp\/v2\/posts\/5136\/revisions\/5139"}],"wp:featuredmedia":[{"embeddable":true,"href":"http:\/\/paroquiagloria.org\/v2\/index.php?rest_route=\/wp\/v2\/media\/5138"}],"wp:attachment":[{"href":"http:\/\/paroquiagloria.org\/v2\/index.php?rest_route=%2Fwp%2Fv2%2Fmedia&parent=5136"}],"wp:term":[{"taxonomy":"category","embeddable":true,"href":"http:\/\/paroquiagloria.org\/v2\/index.php?rest_route=%2Fwp%2Fv2%2Fcategories&post=5136"},{"taxonomy":"post_tag","embeddable":true,"href":"http:\/\/paroquiagloria.org\/v2\/index.php?rest_route=%2Fwp%2Fv2%2Ftags&post=5136"}],"curies":[{"name":"wp","href":"https:\/\/api.w.org\/{rel}","templated":true}]}}