{"id":5111,"date":"2017-01-07T18:52:29","date_gmt":"2017-01-07T18:52:29","guid":{"rendered":"http:\/\/paroquiagloria.org\/v2\/?p=5111"},"modified":"2017-01-07T18:52:29","modified_gmt":"2017-01-07T18:52:29","slug":"dois-dedos-de-liturgia-2","status":"publish","type":"post","link":"http:\/\/paroquiagloria.org\/v2\/?p=5111","title":{"rendered":"Dois dedos de Liturgia (2)"},"content":{"rendered":"<p><a href=\"http:\/\/paroquiagloria.org\/v2\/wp-content\/uploads\/2016\/12\/canto-liturgico.jpg\"><img loading=\"lazy\" class=\"alignnone size-full wp-image-5094\" src=\"http:\/\/paroquiagloria.org\/v2\/wp-content\/uploads\/2016\/12\/canto-liturgico.jpg\" alt=\"canto-liturgico\" width=\"600\" height=\"447\" srcset=\"http:\/\/paroquiagloria.org\/v2\/wp-content\/uploads\/2016\/12\/canto-liturgico.jpg 600w, http:\/\/paroquiagloria.org\/v2\/wp-content\/uploads\/2016\/12\/canto-liturgico-300x224.jpg 300w\" sizes=\"(max-width: 600px) 100vw, 600px\" \/><\/a><\/p>\n<p style=\"text-align: center;\"><strong>O Tempo na Liturgia coincide com o ano civil?<\/strong><\/p>\n<p style=\"text-align: justify;\">A divis\u00e3o dos tempos e ritmos da liturgia n\u00e3o \u00e9 coincidente com o in\u00edcio e termo do ano civil, j\u00e1 que o Ano Lit\u00fargico come\u00e7a no 1\u00ba Domingo do Advento (cerca de quatro semanas antes do Natal) e termina no s\u00e1bado anterior a ele. \u00c9 ao longo dos diversos Tempos &#8211; Advento, Natal, Tempo Comum, Quaresma, Tr\u00edduo Pascal, Pascoa &#8211; que a Igreja celebra os mist\u00e9rios de Cristo seguindo uma ordem l\u00f3gica: encarna\u00e7\u00e3o, nascimento de Jesus, seu minist\u00e9rio, paix\u00e3o, morte e ressurrei\u00e7\u00e3o. Por meio dele se reflecte a ac\u00e7\u00e3o da Sant\u00edssima Trindade na vida dos homens, mas h\u00e1 ainda espa\u00e7o para que se celebre tamb\u00e9m a colabora\u00e7\u00e3o que Maria, Jos\u00e9, Jo\u00e3o Baptista e os ap\u00f3stolos t\u00eam no plano de Deus. O n\u00facleo teol\u00f3gico e hist\u00f3rico do Ano Lit\u00fargico \u00e9 a P\u00e1scoa do Senhor, em fun\u00e7\u00e3o da qual se estrutura todo o Ano Lit\u00fargico. <em>&#8220;Em cada semana, no dia a que se chamou Domingo, a Igreja comemora a mem\u00f3ria da Ressurrei\u00e7\u00e3o do Senhor, que celebra tamb\u00e9m uma vez no ano, juntamente com a sua bem-aventurada Paix\u00e3o, na grande solenidade da P\u00e1scoa.&#8221;<\/em> (SC 22). O domingo deve considerar-se como o dia de festa primordial. Pela sua peculiar import\u00e2ncia, o Domingo cede a sua celebra\u00e7\u00e3o somente \u00e0s solenidades e \u00e0s festas do Senhor. Mas os domingos do Advento, da Quaresma e da P\u00e1scoa t\u00eam a preced\u00eancia sobre todas as festas do Senhor e sobre todas as solenidades. As solenidades que coincidem com estes domingos s\u00e3o transferidas para a segunda-feira seguinte, excepto quando se trata de ocorr\u00eancia no Domingo de Ramos ou no Domingo da Ressurrei\u00e7\u00e3o do Senhor.<\/p>\n<p style=\"text-align: right;\">* envie as suas quest\u00f5es para doisdedosdeliturgia@gmail.com<\/p>\n","protected":false},"excerpt":{"rendered":"<p>O Tempo na Liturgia coincide com o ano civil? A divis\u00e3o dos tempos e ritmos da liturgia n\u00e3o \u00e9 coincidente com o in\u00edcio e termo do ano civil, j\u00e1 que o Ano Lit\u00fargico come\u00e7a no 1\u00ba Domingo do Advento (cerca de quatro semanas antes do Natal) e termina no s\u00e1bado anterior a ele. \u00c9 ao [&hellip;]<\/p>\n","protected":false},"author":1,"featured_media":5095,"comment_status":"open","ping_status":"closed","sticky":false,"template":"","format":"standard","meta":{"ngg_post_thumbnail":0},"categories":[1,4,2,6,19],"tags":[],"_links":{"self":[{"href":"http:\/\/paroquiagloria.org\/v2\/index.php?rest_route=\/wp\/v2\/posts\/5111"}],"collection":[{"href":"http:\/\/paroquiagloria.org\/v2\/index.php?rest_route=\/wp\/v2\/posts"}],"about":[{"href":"http:\/\/paroquiagloria.org\/v2\/index.php?rest_route=\/wp\/v2\/types\/post"}],"author":[{"embeddable":true,"href":"http:\/\/paroquiagloria.org\/v2\/index.php?rest_route=\/wp\/v2\/users\/1"}],"replies":[{"embeddable":true,"href":"http:\/\/paroquiagloria.org\/v2\/index.php?rest_route=%2Fwp%2Fv2%2Fcomments&post=5111"}],"version-history":[{"count":1,"href":"http:\/\/paroquiagloria.org\/v2\/index.php?rest_route=\/wp\/v2\/posts\/5111\/revisions"}],"predecessor-version":[{"id":5112,"href":"http:\/\/paroquiagloria.org\/v2\/index.php?rest_route=\/wp\/v2\/posts\/5111\/revisions\/5112"}],"wp:featuredmedia":[{"embeddable":true,"href":"http:\/\/paroquiagloria.org\/v2\/index.php?rest_route=\/wp\/v2\/media\/5095"}],"wp:attachment":[{"href":"http:\/\/paroquiagloria.org\/v2\/index.php?rest_route=%2Fwp%2Fv2%2Fmedia&parent=5111"}],"wp:term":[{"taxonomy":"category","embeddable":true,"href":"http:\/\/paroquiagloria.org\/v2\/index.php?rest_route=%2Fwp%2Fv2%2Fcategories&post=5111"},{"taxonomy":"post_tag","embeddable":true,"href":"http:\/\/paroquiagloria.org\/v2\/index.php?rest_route=%2Fwp%2Fv2%2Ftags&post=5111"}],"curies":[{"name":"wp","href":"https:\/\/api.w.org\/{rel}","templated":true}]}}