{"id":5105,"date":"2017-01-07T18:37:59","date_gmt":"2017-01-07T18:37:59","guid":{"rendered":"http:\/\/paroquiagloria.org\/v2\/?p=5105"},"modified":"2017-01-07T18:37:59","modified_gmt":"2017-01-07T18:37:59","slug":"cantar-os-reis-alegria-e-gratidao","status":"publish","type":"post","link":"http:\/\/paroquiagloria.org\/v2\/?p=5105","title":{"rendered":"Cantar os Reis: alegria e gratid\u00e3o"},"content":{"rendered":"<p><a href=\"http:\/\/paroquiagloria.org\/v2\/wp-content\/uploads\/2016\/11\/cantarreis2016.jpg\"><img loading=\"lazy\" class=\"alignnone size-full wp-image-4913\" src=\"http:\/\/paroquiagloria.org\/v2\/wp-content\/uploads\/2016\/11\/cantarreis2016.jpg\" alt=\"cantarreis2016\" width=\"960\" height=\"606\" srcset=\"http:\/\/paroquiagloria.org\/v2\/wp-content\/uploads\/2016\/11\/cantarreis2016.jpg 960w, http:\/\/paroquiagloria.org\/v2\/wp-content\/uploads\/2016\/11\/cantarreis2016-300x189.jpg 300w\" sizes=\"(max-width: 960px) 100vw, 960px\" \/><\/a><\/p>\n<p>&nbsp;<\/p>\n<p style=\"text-align: justify;\">Ainda n\u00e3o terminou mas j\u00e1 podemos expressar a alegria e o contentamento geral em rela\u00e7\u00e3o \u00e0 iniciativa Vamos Cantar os Reis, deste ano de 2017.<br \/>\nPara quem se disp\u00f4s cantar (e foram algumas dezenas), e para quem se disp\u00f4s ouvir (e tamb\u00e9m foram muitos, em casas, ruas e espa\u00e7os comerciais) tratou-se de um momento de partilha, conv\u00edvio e a amizade que possibilitou anunciar a alegria do verdadeiro Natal, que \u00e9 o nascimento de Jesus. Ao mesmo tempo, a iniciativa congregadora permitiu fazer a experi\u00eancia de uma Igreja em sa\u00edda, feita de pessoas, homens e mulheres, crian\u00e7as, adolescentes e jovens, que sentem convictamente que para l\u00e1 das portas do edif\u00edcio da igreja, se constitui o Ser Igreja, o Ser Disc\u00edpulo, pelo testemunho de alegria que se d\u00e1 e se faz an\u00fancio jubiloso.<br \/>\nCerto fica o desejo de continuar, no futuro, a encontrar criativamente modos de partilhar e anunciar a f\u00e9 na sociedade e na cidade que habitamos.<br \/>\nO Menino do Pres\u00e9pio de Bel\u00e9m, nosso Salvador, fa\u00e7a chegar a todos, todas as b\u00ean\u00e7\u00e3os e gra\u00e7as.<\/p>\n","protected":false},"excerpt":{"rendered":"<p>&nbsp; Ainda n\u00e3o terminou mas j\u00e1 podemos expressar a alegria e o contentamento geral em rela\u00e7\u00e3o \u00e0 iniciativa Vamos Cantar os Reis, deste ano de 2017. Para quem se disp\u00f4s cantar (e foram algumas dezenas), e para quem se disp\u00f4s ouvir (e tamb\u00e9m foram muitos, em casas, ruas e espa\u00e7os comerciais) tratou-se de um momento [&hellip;]<\/p>\n","protected":false},"author":1,"featured_media":4914,"comment_status":"open","ping_status":"closed","sticky":false,"template":"","format":"standard","meta":{"ngg_post_thumbnail":0},"categories":[1,4,2,6,19],"tags":[],"_links":{"self":[{"href":"http:\/\/paroquiagloria.org\/v2\/index.php?rest_route=\/wp\/v2\/posts\/5105"}],"collection":[{"href":"http:\/\/paroquiagloria.org\/v2\/index.php?rest_route=\/wp\/v2\/posts"}],"about":[{"href":"http:\/\/paroquiagloria.org\/v2\/index.php?rest_route=\/wp\/v2\/types\/post"}],"author":[{"embeddable":true,"href":"http:\/\/paroquiagloria.org\/v2\/index.php?rest_route=\/wp\/v2\/users\/1"}],"replies":[{"embeddable":true,"href":"http:\/\/paroquiagloria.org\/v2\/index.php?rest_route=%2Fwp%2Fv2%2Fcomments&post=5105"}],"version-history":[{"count":1,"href":"http:\/\/paroquiagloria.org\/v2\/index.php?rest_route=\/wp\/v2\/posts\/5105\/revisions"}],"predecessor-version":[{"id":5106,"href":"http:\/\/paroquiagloria.org\/v2\/index.php?rest_route=\/wp\/v2\/posts\/5105\/revisions\/5106"}],"wp:featuredmedia":[{"embeddable":true,"href":"http:\/\/paroquiagloria.org\/v2\/index.php?rest_route=\/wp\/v2\/media\/4914"}],"wp:attachment":[{"href":"http:\/\/paroquiagloria.org\/v2\/index.php?rest_route=%2Fwp%2Fv2%2Fmedia&parent=5105"}],"wp:term":[{"taxonomy":"category","embeddable":true,"href":"http:\/\/paroquiagloria.org\/v2\/index.php?rest_route=%2Fwp%2Fv2%2Fcategories&post=5105"},{"taxonomy":"post_tag","embeddable":true,"href":"http:\/\/paroquiagloria.org\/v2\/index.php?rest_route=%2Fwp%2Fv2%2Ftags&post=5105"}],"curies":[{"name":"wp","href":"https:\/\/api.w.org\/{rel}","templated":true}]}}