{"id":5103,"date":"2017-01-07T18:36:27","date_gmt":"2017-01-07T18:36:27","guid":{"rendered":"http:\/\/paroquiagloria.org\/v2\/?p=5103"},"modified":"2017-01-07T18:36:27","modified_gmt":"2017-01-07T18:36:27","slug":"catequeses-paroquiais","status":"publish","type":"post","link":"http:\/\/paroquiagloria.org\/v2\/?p=5103","title":{"rendered":"Catequeses paroquiais:"},"content":{"rendered":"<p style=\"text-align: justify;\"><a href=\"http:\/\/paroquiagloria.org\/v2\/wp-content\/uploads\/2016\/05\/banner_catequese.jpg\"><img loading=\"lazy\" class=\"alignnone size-full wp-image-4421\" src=\"http:\/\/paroquiagloria.org\/v2\/wp-content\/uploads\/2016\/05\/banner_catequese.jpg\" alt=\"banner_catequese\" width=\"960\" height=\"450\" srcset=\"http:\/\/paroquiagloria.org\/v2\/wp-content\/uploads\/2016\/05\/banner_catequese.jpg 960w, http:\/\/paroquiagloria.org\/v2\/wp-content\/uploads\/2016\/05\/banner_catequese-300x141.jpg 300w\" sizes=\"(max-width: 960px) 100vw, 960px\" \/><\/a><\/p>\n<h3 style=\"text-align: justify;\">Reuni\u00f5es de pais<\/h3>\n<p style=\"text-align: justify;\">Esta semana haver\u00e1 reuni\u00e3o de pais da catequese. Na quinta-feira, dia 12, \u00e0s 21h30, ser\u00e1 para os pais dos jovens do 10\u00baano e na sexta-feira, dia 13, \u00e0s 21h, ser\u00e1 para os pais dos jovens do 11\u00baano. Ambas decorrem no centro paroquial.<\/p>\n<p style=\"text-align: justify;\">\n<h3 style=\"text-align: justify;\">Catequistas de adolescentes<\/h3>\n<p style=\"text-align: justify;\">No dia 21 de Janeiro, na Casa Diocesana, em Alberagaria-a-Velha, haver\u00e1 uma forma\u00e7\u00e3o destinada aos catequistas da adolesc\u00eancia. Ser\u00e1 orientada pelo padre Rui Alberto, dos Salesianos, entre as 9h30 e as 17h e a inscri\u00e7\u00e3o deve ser feita na secretaria, at\u00e9 esta segunda-feira. A Par\u00f3quia assegura o valor da inscri\u00e7\u00e3o.<\/p>\n","protected":false},"excerpt":{"rendered":"<p>Reuni\u00f5es de pais Esta semana haver\u00e1 reuni\u00e3o de pais da catequese. Na quinta-feira, dia 12, \u00e0s 21h30, ser\u00e1 para os pais dos jovens do 10\u00baano e na sexta-feira, dia 13, \u00e0s 21h, ser\u00e1 para os pais dos jovens do 11\u00baano. Ambas decorrem no centro paroquial. Catequistas de adolescentes No dia 21 de Janeiro, na Casa [&hellip;]<\/p>\n","protected":false},"author":1,"featured_media":4646,"comment_status":"open","ping_status":"closed","sticky":false,"template":"","format":"standard","meta":{"ngg_post_thumbnail":0},"categories":[1,4,2,6,19],"tags":[],"_links":{"self":[{"href":"http:\/\/paroquiagloria.org\/v2\/index.php?rest_route=\/wp\/v2\/posts\/5103"}],"collection":[{"href":"http:\/\/paroquiagloria.org\/v2\/index.php?rest_route=\/wp\/v2\/posts"}],"about":[{"href":"http:\/\/paroquiagloria.org\/v2\/index.php?rest_route=\/wp\/v2\/types\/post"}],"author":[{"embeddable":true,"href":"http:\/\/paroquiagloria.org\/v2\/index.php?rest_route=\/wp\/v2\/users\/1"}],"replies":[{"embeddable":true,"href":"http:\/\/paroquiagloria.org\/v2\/index.php?rest_route=%2Fwp%2Fv2%2Fcomments&post=5103"}],"version-history":[{"count":1,"href":"http:\/\/paroquiagloria.org\/v2\/index.php?rest_route=\/wp\/v2\/posts\/5103\/revisions"}],"predecessor-version":[{"id":5104,"href":"http:\/\/paroquiagloria.org\/v2\/index.php?rest_route=\/wp\/v2\/posts\/5103\/revisions\/5104"}],"wp:featuredmedia":[{"embeddable":true,"href":"http:\/\/paroquiagloria.org\/v2\/index.php?rest_route=\/wp\/v2\/media\/4646"}],"wp:attachment":[{"href":"http:\/\/paroquiagloria.org\/v2\/index.php?rest_route=%2Fwp%2Fv2%2Fmedia&parent=5103"}],"wp:term":[{"taxonomy":"category","embeddable":true,"href":"http:\/\/paroquiagloria.org\/v2\/index.php?rest_route=%2Fwp%2Fv2%2Fcategories&post=5103"},{"taxonomy":"post_tag","embeddable":true,"href":"http:\/\/paroquiagloria.org\/v2\/index.php?rest_route=%2Fwp%2Fv2%2Ftags&post=5103"}],"curies":[{"name":"wp","href":"https:\/\/api.w.org\/{rel}","templated":true}]}}