{"id":5093,"date":"2016-12-31T18:20:36","date_gmt":"2016-12-31T18:20:36","guid":{"rendered":"http:\/\/paroquiagloria.org\/v2\/?p=5093"},"modified":"2016-12-31T18:20:36","modified_gmt":"2016-12-31T18:20:36","slug":"dois-dedos-de-liturgia-1","status":"publish","type":"post","link":"http:\/\/paroquiagloria.org\/v2\/?p=5093","title":{"rendered":"Dois dedos de Liturgia (1)"},"content":{"rendered":"<p><a href=\"http:\/\/paroquiagloria.org\/v2\/wp-content\/uploads\/2016\/12\/canto-liturgico.jpg\"><img loading=\"lazy\" class=\"size-full wp-image-5094 aligncenter\" src=\"http:\/\/paroquiagloria.org\/v2\/wp-content\/uploads\/2016\/12\/canto-liturgico.jpg\" alt=\"canto-liturgico\" width=\"600\" height=\"447\" srcset=\"http:\/\/paroquiagloria.org\/v2\/wp-content\/uploads\/2016\/12\/canto-liturgico.jpg 600w, http:\/\/paroquiagloria.org\/v2\/wp-content\/uploads\/2016\/12\/canto-liturgico-300x224.jpg 300w\" sizes=\"(max-width: 600px) 100vw, 600px\" \/><\/a><\/p>\n<p>&nbsp;<\/p>\n<p style=\"text-align: justify;\">Reflectindo o Conselho Pastoral Paroquial sobre a vida lit\u00fargica na nossa Par\u00f3quia entendeu-se destinar um espa\u00e7o no Di\u00e1logo, para forma\u00e7\u00e3o lit\u00fargica. \u00c9 para tal que se cria esta rubrica a que chamamos &#8220;Dois dedos de Liturgia&#8221;.<br \/>\nCom singelas quest\u00f5es e breves respostas ou coment\u00e1rios, a partir dos documentos da Igreja, tentaremos perceber melhor o que \u00e9 a Liturgia, com o objectivo de nos esclarecermos sobre os seus diversos elementos e para celebrarmos festivamente Jesus Cristo, permitindo uma participa\u00e7\u00e3o mais plena e consciente de todos.<br \/>\nAproveitamos o ensejo para desafiar a todos os interessados para nos fazerem chegar quest\u00f5es que gostassem de ver esclarecidas neste \u00e2mbito, para que, depois, e de forma an\u00f3nima, as possamos trazer a lume &#8211; o email para tal \u00e9: doisdedosdeliturgia@gmail.com<\/p>\n<p style=\"text-align: right;\"><strong><em>&#8220;Nas celebra\u00e7\u00f5es lit\u00fargicas, limite-se cada um, ministro ou simples fiel, exercendo o seu of\u00edcio, a fazer tudo e s\u00f3 o que \u00e9 de sua compet\u00eancia, segundo a natureza do rito e as leis lit\u00fargicas&#8221;<\/em><\/strong><br \/>\n<em> (Sacrosanctum Concilium 28)<\/em><\/p>\n","protected":false},"excerpt":{"rendered":"<p>&nbsp; Reflectindo o Conselho Pastoral Paroquial sobre a vida lit\u00fargica na nossa Par\u00f3quia entendeu-se destinar um espa\u00e7o no Di\u00e1logo, para forma\u00e7\u00e3o lit\u00fargica. \u00c9 para tal que se cria esta rubrica a que chamamos &#8220;Dois dedos de Liturgia&#8221;. Com singelas quest\u00f5es e breves respostas ou coment\u00e1rios, a partir dos documentos da Igreja, tentaremos perceber melhor o [&hellip;]<\/p>\n","protected":false},"author":1,"featured_media":5095,"comment_status":"open","ping_status":"closed","sticky":false,"template":"","format":"standard","meta":{"ngg_post_thumbnail":0},"categories":[1,4,2,6,19],"tags":[],"_links":{"self":[{"href":"http:\/\/paroquiagloria.org\/v2\/index.php?rest_route=\/wp\/v2\/posts\/5093"}],"collection":[{"href":"http:\/\/paroquiagloria.org\/v2\/index.php?rest_route=\/wp\/v2\/posts"}],"about":[{"href":"http:\/\/paroquiagloria.org\/v2\/index.php?rest_route=\/wp\/v2\/types\/post"}],"author":[{"embeddable":true,"href":"http:\/\/paroquiagloria.org\/v2\/index.php?rest_route=\/wp\/v2\/users\/1"}],"replies":[{"embeddable":true,"href":"http:\/\/paroquiagloria.org\/v2\/index.php?rest_route=%2Fwp%2Fv2%2Fcomments&post=5093"}],"version-history":[{"count":1,"href":"http:\/\/paroquiagloria.org\/v2\/index.php?rest_route=\/wp\/v2\/posts\/5093\/revisions"}],"predecessor-version":[{"id":5096,"href":"http:\/\/paroquiagloria.org\/v2\/index.php?rest_route=\/wp\/v2\/posts\/5093\/revisions\/5096"}],"wp:featuredmedia":[{"embeddable":true,"href":"http:\/\/paroquiagloria.org\/v2\/index.php?rest_route=\/wp\/v2\/media\/5095"}],"wp:attachment":[{"href":"http:\/\/paroquiagloria.org\/v2\/index.php?rest_route=%2Fwp%2Fv2%2Fmedia&parent=5093"}],"wp:term":[{"taxonomy":"category","embeddable":true,"href":"http:\/\/paroquiagloria.org\/v2\/index.php?rest_route=%2Fwp%2Fv2%2Fcategories&post=5093"},{"taxonomy":"post_tag","embeddable":true,"href":"http:\/\/paroquiagloria.org\/v2\/index.php?rest_route=%2Fwp%2Fv2%2Ftags&post=5093"}],"curies":[{"name":"wp","href":"https:\/\/api.w.org\/{rel}","templated":true}]}}