{"id":5091,"date":"2016-12-31T18:10:49","date_gmt":"2016-12-31T18:10:49","guid":{"rendered":"http:\/\/paroquiagloria.org\/v2\/?p=5091"},"modified":"2016-12-31T18:10:49","modified_gmt":"2016-12-31T18:10:49","slug":"jornadas-de-formacao","status":"publish","type":"post","link":"http:\/\/paroquiagloria.org\/v2\/?p=5091","title":{"rendered":"Jornadas de Forma\u00e7\u00e3o"},"content":{"rendered":"<p><a href=\"http:\/\/paroquiagloria.org\/v2\/wp-content\/uploads\/2016\/12\/cartaz_3JFL_2017.jpg\"><img loading=\"lazy\" class=\"size-full wp-image-5060 aligncenter\" src=\"http:\/\/paroquiagloria.org\/v2\/wp-content\/uploads\/2016\/12\/cartaz_3JFL_2017.jpg\" alt=\"cartaz_3jfl_2017\" width=\"678\" height=\"960\" srcset=\"http:\/\/paroquiagloria.org\/v2\/wp-content\/uploads\/2016\/12\/cartaz_3JFL_2017.jpg 678w, http:\/\/paroquiagloria.org\/v2\/wp-content\/uploads\/2016\/12\/cartaz_3JFL_2017-212x300.jpg 212w\" sizes=\"(max-width: 678px) 100vw, 678px\" \/><\/a><\/p>\n<p style=\"text-align: justify;\">Em tr\u00eas s\u00e1bados de Janeiro, dias 14, 21 e 28, entre as 9h e as 17h, decorrer\u00e3o as III Jornadas Diocesanas de Forma\u00e7\u00e3o Lit\u00fargica no Semin\u00e1rio de Santa Joana Princesa.<br \/>\nEst\u00e3o abertas as inscri\u00e7\u00f5es que devem ser feitas na secretaria paroquial, at\u00e9 ao dia 2 de Janeiro. A Par\u00f3quia assume o valor da inscri\u00e7\u00e3o (10 euros) dos agentes de pastoral que participem integralmente nos tr\u00eas encontros, ficando cada um respons\u00e1vel pelo almo\u00e7o.<br \/>\nPodem participar nestes encontros todos os que na comunidade paroquial exercem algum minist\u00e9rio da liturgia, quer sejam leitores, cantores ou ac\u00f3litos, assim como os ministros extraordin\u00e1rios da comunh\u00e3o, as zeladoras ou Visitadores de doentes. Tamb\u00e9m os catequistas e animadores, dirigentes do CNE, e todos os que se dedicam ao \u00e2mbito da pastoral da caridade t\u00eam aqui uma oportunidade de forma\u00e7\u00e3o importante.<\/p>\n<p>&nbsp;<\/p>\n","protected":false},"excerpt":{"rendered":"<p>Em tr\u00eas s\u00e1bados de Janeiro, dias 14, 21 e 28, entre as 9h e as 17h, decorrer\u00e3o as III Jornadas Diocesanas de Forma\u00e7\u00e3o Lit\u00fargica no Semin\u00e1rio de Santa Joana Princesa. Est\u00e3o abertas as inscri\u00e7\u00f5es que devem ser feitas na secretaria paroquial, at\u00e9 ao dia 2 de Janeiro. A Par\u00f3quia assume o valor da inscri\u00e7\u00e3o (10 [&hellip;]<\/p>\n","protected":false},"author":1,"featured_media":5055,"comment_status":"open","ping_status":"closed","sticky":false,"template":"","format":"standard","meta":{"ngg_post_thumbnail":0},"categories":[1,4,2,6,19],"tags":[],"_links":{"self":[{"href":"http:\/\/paroquiagloria.org\/v2\/index.php?rest_route=\/wp\/v2\/posts\/5091"}],"collection":[{"href":"http:\/\/paroquiagloria.org\/v2\/index.php?rest_route=\/wp\/v2\/posts"}],"about":[{"href":"http:\/\/paroquiagloria.org\/v2\/index.php?rest_route=\/wp\/v2\/types\/post"}],"author":[{"embeddable":true,"href":"http:\/\/paroquiagloria.org\/v2\/index.php?rest_route=\/wp\/v2\/users\/1"}],"replies":[{"embeddable":true,"href":"http:\/\/paroquiagloria.org\/v2\/index.php?rest_route=%2Fwp%2Fv2%2Fcomments&post=5091"}],"version-history":[{"count":1,"href":"http:\/\/paroquiagloria.org\/v2\/index.php?rest_route=\/wp\/v2\/posts\/5091\/revisions"}],"predecessor-version":[{"id":5092,"href":"http:\/\/paroquiagloria.org\/v2\/index.php?rest_route=\/wp\/v2\/posts\/5091\/revisions\/5092"}],"wp:featuredmedia":[{"embeddable":true,"href":"http:\/\/paroquiagloria.org\/v2\/index.php?rest_route=\/wp\/v2\/media\/5055"}],"wp:attachment":[{"href":"http:\/\/paroquiagloria.org\/v2\/index.php?rest_route=%2Fwp%2Fv2%2Fmedia&parent=5091"}],"wp:term":[{"taxonomy":"category","embeddable":true,"href":"http:\/\/paroquiagloria.org\/v2\/index.php?rest_route=%2Fwp%2Fv2%2Fcategories&post=5091"},{"taxonomy":"post_tag","embeddable":true,"href":"http:\/\/paroquiagloria.org\/v2\/index.php?rest_route=%2Fwp%2Fv2%2Ftags&post=5091"}],"curies":[{"name":"wp","href":"https:\/\/api.w.org\/{rel}","templated":true}]}}