{"id":5089,"date":"2016-12-31T18:09:56","date_gmt":"2016-12-31T18:09:56","guid":{"rendered":"http:\/\/paroquiagloria.org\/v2\/?p=5089"},"modified":"2016-12-31T18:09:56","modified_gmt":"2016-12-31T18:09:56","slug":"catequistas-de-adolescentes","status":"publish","type":"post","link":"http:\/\/paroquiagloria.org\/v2\/?p=5089","title":{"rendered":"Catequistas de adolescentes"},"content":{"rendered":"<p><a href=\"http:\/\/paroquiagloria.org\/v2\/wp-content\/uploads\/2013\/02\/Catequese_adultos.jpg\"><img loading=\"lazy\" class=\"size-full wp-image-583 aligncenter\" src=\"http:\/\/paroquiagloria.org\/v2\/wp-content\/uploads\/2013\/02\/Catequese_adultos.jpg\" alt=\"Catequese_adultos\" width=\"400\" height=\"297\" srcset=\"http:\/\/paroquiagloria.org\/v2\/wp-content\/uploads\/2013\/02\/Catequese_adultos.jpg 400w, http:\/\/paroquiagloria.org\/v2\/wp-content\/uploads\/2013\/02\/Catequese_adultos-300x222.jpg 300w\" sizes=\"(max-width: 400px) 100vw, 400px\" \/><\/a><\/p>\n<p>&nbsp;<\/p>\n<p style=\"text-align: justify;\">No dia 21 de Janeiro, na Casa Diocesana, em Albergaria-a-Velha, haver\u00e1 uma forma\u00e7\u00e3o destinada aos catequistas da adolesc\u00eancia. Ser\u00e1 orientada pelo padre Rui Alberto, dos Salesianos, entre as 9h30 e as 17h e a inscri\u00e7\u00e3o deve ser feita na secretaria, at\u00e9 dia 9. A Par\u00f3quia assegura o valor da inscri\u00e7\u00e3o.<\/p>\n","protected":false},"excerpt":{"rendered":"<p>&nbsp; No dia 21 de Janeiro, na Casa Diocesana, em Albergaria-a-Velha, haver\u00e1 uma forma\u00e7\u00e3o destinada aos catequistas da adolesc\u00eancia. Ser\u00e1 orientada pelo padre Rui Alberto, dos Salesianos, entre as 9h30 e as 17h e a inscri\u00e7\u00e3o deve ser feita na secretaria, at\u00e9 dia 9. A Par\u00f3quia assegura o valor da inscri\u00e7\u00e3o.<\/p>\n","protected":false},"author":1,"featured_media":4421,"comment_status":"open","ping_status":"closed","sticky":false,"template":"","format":"standard","meta":{"ngg_post_thumbnail":0},"categories":[1,4,2,6,19],"tags":[],"_links":{"self":[{"href":"http:\/\/paroquiagloria.org\/v2\/index.php?rest_route=\/wp\/v2\/posts\/5089"}],"collection":[{"href":"http:\/\/paroquiagloria.org\/v2\/index.php?rest_route=\/wp\/v2\/posts"}],"about":[{"href":"http:\/\/paroquiagloria.org\/v2\/index.php?rest_route=\/wp\/v2\/types\/post"}],"author":[{"embeddable":true,"href":"http:\/\/paroquiagloria.org\/v2\/index.php?rest_route=\/wp\/v2\/users\/1"}],"replies":[{"embeddable":true,"href":"http:\/\/paroquiagloria.org\/v2\/index.php?rest_route=%2Fwp%2Fv2%2Fcomments&post=5089"}],"version-history":[{"count":1,"href":"http:\/\/paroquiagloria.org\/v2\/index.php?rest_route=\/wp\/v2\/posts\/5089\/revisions"}],"predecessor-version":[{"id":5090,"href":"http:\/\/paroquiagloria.org\/v2\/index.php?rest_route=\/wp\/v2\/posts\/5089\/revisions\/5090"}],"wp:featuredmedia":[{"embeddable":true,"href":"http:\/\/paroquiagloria.org\/v2\/index.php?rest_route=\/wp\/v2\/media\/4421"}],"wp:attachment":[{"href":"http:\/\/paroquiagloria.org\/v2\/index.php?rest_route=%2Fwp%2Fv2%2Fmedia&parent=5089"}],"wp:term":[{"taxonomy":"category","embeddable":true,"href":"http:\/\/paroquiagloria.org\/v2\/index.php?rest_route=%2Fwp%2Fv2%2Fcategories&post=5089"},{"taxonomy":"post_tag","embeddable":true,"href":"http:\/\/paroquiagloria.org\/v2\/index.php?rest_route=%2Fwp%2Fv2%2Ftags&post=5089"}],"curies":[{"name":"wp","href":"https:\/\/api.w.org\/{rel}","templated":true}]}}