{"id":5086,"date":"2016-12-31T18:07:56","date_gmt":"2016-12-31T18:07:56","guid":{"rendered":"http:\/\/paroquiagloria.org\/v2\/?p=5086"},"modified":"2016-12-31T18:07:56","modified_gmt":"2016-12-31T18:07:56","slug":"vamos-cantar-os-reis-e-anunciar-a-alegria-do-natal","status":"publish","type":"post","link":"http:\/\/paroquiagloria.org\/v2\/?p=5086","title":{"rendered":"Vamos Cantar os Reis&#8230; e Anunciar a Alegria do Natal"},"content":{"rendered":"<p><a href=\"http:\/\/paroquiagloria.org\/v2\/wp-content\/uploads\/2016\/12\/Cantar-os-Reis-2016-2017_V12.jpg\"><img loading=\"lazy\" class=\"size-full wp-image-5063 aligncenter\" src=\"http:\/\/paroquiagloria.org\/v2\/wp-content\/uploads\/2016\/12\/Cantar-os-Reis-2016-2017_V12.jpg\" alt=\"cantar-os-reis-2016-2017_v12\" width=\"595\" height=\"842\" srcset=\"http:\/\/paroquiagloria.org\/v2\/wp-content\/uploads\/2016\/12\/Cantar-os-Reis-2016-2017_V12.jpg 595w, http:\/\/paroquiagloria.org\/v2\/wp-content\/uploads\/2016\/12\/Cantar-os-Reis-2016-2017_V12-212x300.jpg 212w\" sizes=\"(max-width: 595px) 100vw, 595px\" \/><\/a><\/p>\n<p style=\"text-align: justify;\">Come\u00e7aremos esta semana a ac\u00e7\u00e3o congregadora do Cantar dos Reis. Vamos cantar os Reis para anunciar e levar a alegria do Natal e para fazer a experi\u00eancia de uma Igreja em sa\u00edda.<br \/>\nAt\u00e9 ao dia 9, os grupos da catequese de adolescentes e jovens, as crian\u00e7as e suas fam\u00edlias da catequese da inf\u00e2ncia e os paroquianos de diversos grupos associam-se a esta ac\u00e7\u00e3o que n\u00e3o tem qualquer prop\u00f3sito de angaria\u00e7\u00e3o de fundos.<br \/>\nEste ano os grupos da catequese da adolesc\u00eancia e juventude ir\u00e3o cantar nas ruas mais pr\u00f3ximas \u00e0 S\u00e9, no hor\u00e1rio da catequese.<br \/>\nAs crian\u00e7as da catequese da inf\u00e2ncia e as suas fam\u00edlias s\u00e3o convidadas a cantar os reis no dia 7 de Janeiro, \u00e0 tarde, na Pra\u00e7a da Rep\u00fablica. Para tal, haver\u00e1 um ensaio \u00e0 14h, no Centro Paroquial e dali seguir\u00e3o em conjunto para o Bairro Hist\u00f3rico de Aveiro, onde far\u00e3o a actua\u00e7\u00e3o orientados pela maestrina Aoife Hiney e pelo coro Novas Vozes, da Sociedade Musical de Santa Cec\u00edlia.<br \/>\nEm locais predefinidos, \u00e0 noite, o grupo dos adultos cantar\u00e1 os reis, convidando os residentes a congregarem-se nesses espa\u00e7os para um momento de alegria, partilha e conv\u00edvio.<br \/>\nEm Vilar, os grupos e movimentos do lugar, cantam a partir das 18h, do pr\u00f3ximo s\u00e1bado, e em Santiago, a partir das 20h, come\u00e7ando no final da missa. No Patronato de Vilar, no pr\u00f3ximo domingo, haver\u00e1 tamb\u00e9m a tradicional Festa de Reis.<br \/>\nNo final das missas da solenidade da Epifania, na S\u00e9, queremos que o &#8220;beijar o Menino&#8221; seja no adro enquanto se cantam as tradicionais m\u00fasicas dos reis, pelos grupos corais.<\/p>\n<p style=\"text-align: justify;\"><a href=\"http:\/\/paroquiagloria.org\/v2\/wp-content\/uploads\/2016\/12\/Cartaz-Reis-vilar_2017.jpg\"><img loading=\"lazy\" class=\"size-large wp-image-5087 aligncenter\" src=\"http:\/\/paroquiagloria.org\/v2\/wp-content\/uploads\/2016\/12\/Cartaz-Reis-vilar_2017-728x1024.jpg\" alt=\"cartaz-reis-vilar_2017\" width=\"728\" height=\"1024\" srcset=\"http:\/\/paroquiagloria.org\/v2\/wp-content\/uploads\/2016\/12\/Cartaz-Reis-vilar_2017-728x1024.jpg 728w, http:\/\/paroquiagloria.org\/v2\/wp-content\/uploads\/2016\/12\/Cartaz-Reis-vilar_2017-213x300.jpg 213w, http:\/\/paroquiagloria.org\/v2\/wp-content\/uploads\/2016\/12\/Cartaz-Reis-vilar_2017.jpg 907w\" sizes=\"(max-width: 728px) 100vw, 728px\" \/><\/a><\/p>\n","protected":false},"excerpt":{"rendered":"<p>Come\u00e7aremos esta semana a ac\u00e7\u00e3o congregadora do Cantar dos Reis. Vamos cantar os Reis para anunciar e levar a alegria do Natal e para fazer a experi\u00eancia de uma Igreja em sa\u00edda. At\u00e9 ao dia 9, os grupos da catequese de adolescentes e jovens, as crian\u00e7as e suas fam\u00edlias da catequese da inf\u00e2ncia e os [&hellip;]<\/p>\n","protected":false},"author":1,"featured_media":5075,"comment_status":"open","ping_status":"closed","sticky":false,"template":"","format":"standard","meta":{"ngg_post_thumbnail":0},"categories":[1,4,2,6,19],"tags":[],"_links":{"self":[{"href":"http:\/\/paroquiagloria.org\/v2\/index.php?rest_route=\/wp\/v2\/posts\/5086"}],"collection":[{"href":"http:\/\/paroquiagloria.org\/v2\/index.php?rest_route=\/wp\/v2\/posts"}],"about":[{"href":"http:\/\/paroquiagloria.org\/v2\/index.php?rest_route=\/wp\/v2\/types\/post"}],"author":[{"embeddable":true,"href":"http:\/\/paroquiagloria.org\/v2\/index.php?rest_route=\/wp\/v2\/users\/1"}],"replies":[{"embeddable":true,"href":"http:\/\/paroquiagloria.org\/v2\/index.php?rest_route=%2Fwp%2Fv2%2Fcomments&post=5086"}],"version-history":[{"count":1,"href":"http:\/\/paroquiagloria.org\/v2\/index.php?rest_route=\/wp\/v2\/posts\/5086\/revisions"}],"predecessor-version":[{"id":5088,"href":"http:\/\/paroquiagloria.org\/v2\/index.php?rest_route=\/wp\/v2\/posts\/5086\/revisions\/5088"}],"wp:featuredmedia":[{"embeddable":true,"href":"http:\/\/paroquiagloria.org\/v2\/index.php?rest_route=\/wp\/v2\/media\/5075"}],"wp:attachment":[{"href":"http:\/\/paroquiagloria.org\/v2\/index.php?rest_route=%2Fwp%2Fv2%2Fmedia&parent=5086"}],"wp:term":[{"taxonomy":"category","embeddable":true,"href":"http:\/\/paroquiagloria.org\/v2\/index.php?rest_route=%2Fwp%2Fv2%2Fcategories&post=5086"},{"taxonomy":"post_tag","embeddable":true,"href":"http:\/\/paroquiagloria.org\/v2\/index.php?rest_route=%2Fwp%2Fv2%2Ftags&post=5086"}],"curies":[{"name":"wp","href":"https:\/\/api.w.org\/{rel}","templated":true}]}}