{"id":5062,"date":"2016-12-24T16:43:38","date_gmt":"2016-12-24T16:43:38","guid":{"rendered":"http:\/\/paroquiagloria.org\/v2\/?p=5062"},"modified":"2016-12-24T16:43:38","modified_gmt":"2016-12-24T16:43:38","slug":"vamos-cantar-os-reis","status":"publish","type":"post","link":"http:\/\/paroquiagloria.org\/v2\/?p=5062","title":{"rendered":"Vamos Cantar os Reis"},"content":{"rendered":"<p><a href=\"http:\/\/paroquiagloria.org\/v2\/wp-content\/uploads\/2016\/11\/cantarreis2016.jpg\"><img loading=\"lazy\" class=\"alignnone size-full wp-image-4913\" src=\"http:\/\/paroquiagloria.org\/v2\/wp-content\/uploads\/2016\/11\/cantarreis2016.jpg\" alt=\"cantarreis2016\" width=\"960\" height=\"606\" srcset=\"http:\/\/paroquiagloria.org\/v2\/wp-content\/uploads\/2016\/11\/cantarreis2016.jpg 960w, http:\/\/paroquiagloria.org\/v2\/wp-content\/uploads\/2016\/11\/cantarreis2016-300x189.jpg 300w\" sizes=\"(max-width: 960px) 100vw, 960px\" \/><\/a><\/p>\n<p style=\"text-align: justify;\">Vamos cantar os Reis para anunciar e levar a alegria do Natal e para fazer a experi\u00eancia de uma Igreja em sa\u00edda.<br \/>\nEntre os dias 3 e 9 de Janeiro, os grupos da catequese de adolescentes e jovens, as crian\u00e7as e suas fam\u00edlias da catequese da inf\u00e2ncia e os paroquianos de diversos grupos associam-se a esta ac\u00e7\u00e3o congregadora. J\u00e1 houve um ensaio e esta quarta-feira, dia 28, h\u00e1 um segundo ensaio para o qual se convidam todos os que se queiram associar, especialmente, os elementos dos grupos paroquiais.<br \/>\nEste ano os grupos da catequese da adolesc\u00eancia e juventude ir\u00e3o cantar nas ruas mais pr\u00f3ximas \u00e0 S\u00e9, no hor\u00e1rio da catequese, entre 3 e 9 de Janeiro.<br \/>\nAs crian\u00e7as da inf\u00e2ncia e as suas fam\u00edlias s\u00e3o convidadas a cantar os reis no dia 7 de Janeiro, \u00e0 tarde, na Pra\u00e7a da Rep\u00fablica. Durante as noites, em alguns locais predefinidos, os adultos cantar\u00e3o os reis. Convidamos os residentes a reunirem-se nesses espa\u00e7os para um momento de alegria, partilha e conv\u00edvio.<br \/>\nTamb\u00e9m cantaremos os reis no adro da S\u00e9 no final das missas do dia 7 e 8.<br \/>\nNo dia 7 de Janeiro, em Vilar, os grupos e movimentos do lugar, cantar\u00e3o os reis a partir das 18h, e em Santiago, ser\u00e3 a partir das 20h, come\u00e7ando no final da missa.<br \/>\nNo cartaz, no site e no facebook j\u00e1 se pode consultar o programa.<\/p>\n<p>&nbsp;<\/p>\n<p><a href=\"http:\/\/paroquiagloria.org\/v2\/wp-content\/uploads\/2016\/12\/Cantar-os-Reis-2016-2017_V12.jpg\"><img loading=\"lazy\" class=\"alignnone size-full wp-image-5063\" src=\"http:\/\/paroquiagloria.org\/v2\/wp-content\/uploads\/2016\/12\/Cantar-os-Reis-2016-2017_V12.jpg\" alt=\"cantar-os-reis-2016-2017_v12\" width=\"595\" height=\"842\" srcset=\"http:\/\/paroquiagloria.org\/v2\/wp-content\/uploads\/2016\/12\/Cantar-os-Reis-2016-2017_V12.jpg 595w, http:\/\/paroquiagloria.org\/v2\/wp-content\/uploads\/2016\/12\/Cantar-os-Reis-2016-2017_V12-212x300.jpg 212w\" sizes=\"(max-width: 595px) 100vw, 595px\" \/><\/a><\/p>\n","protected":false},"excerpt":{"rendered":"<p>Vamos cantar os Reis para anunciar e levar a alegria do Natal e para fazer a experi\u00eancia de uma Igreja em sa\u00edda. Entre os dias 3 e 9 de Janeiro, os grupos da catequese de adolescentes e jovens, as crian\u00e7as e suas fam\u00edlias da catequese da inf\u00e2ncia e os paroquianos de diversos grupos associam-se a [&hellip;]<\/p>\n","protected":false},"author":1,"featured_media":4914,"comment_status":"open","ping_status":"closed","sticky":false,"template":"","format":"standard","meta":{"ngg_post_thumbnail":0},"categories":[1,4,2,6,19],"tags":[],"_links":{"self":[{"href":"http:\/\/paroquiagloria.org\/v2\/index.php?rest_route=\/wp\/v2\/posts\/5062"}],"collection":[{"href":"http:\/\/paroquiagloria.org\/v2\/index.php?rest_route=\/wp\/v2\/posts"}],"about":[{"href":"http:\/\/paroquiagloria.org\/v2\/index.php?rest_route=\/wp\/v2\/types\/post"}],"author":[{"embeddable":true,"href":"http:\/\/paroquiagloria.org\/v2\/index.php?rest_route=\/wp\/v2\/users\/1"}],"replies":[{"embeddable":true,"href":"http:\/\/paroquiagloria.org\/v2\/index.php?rest_route=%2Fwp%2Fv2%2Fcomments&post=5062"}],"version-history":[{"count":1,"href":"http:\/\/paroquiagloria.org\/v2\/index.php?rest_route=\/wp\/v2\/posts\/5062\/revisions"}],"predecessor-version":[{"id":5064,"href":"http:\/\/paroquiagloria.org\/v2\/index.php?rest_route=\/wp\/v2\/posts\/5062\/revisions\/5064"}],"wp:featuredmedia":[{"embeddable":true,"href":"http:\/\/paroquiagloria.org\/v2\/index.php?rest_route=\/wp\/v2\/media\/4914"}],"wp:attachment":[{"href":"http:\/\/paroquiagloria.org\/v2\/index.php?rest_route=%2Fwp%2Fv2%2Fmedia&parent=5062"}],"wp:term":[{"taxonomy":"category","embeddable":true,"href":"http:\/\/paroquiagloria.org\/v2\/index.php?rest_route=%2Fwp%2Fv2%2Fcategories&post=5062"},{"taxonomy":"post_tag","embeddable":true,"href":"http:\/\/paroquiagloria.org\/v2\/index.php?rest_route=%2Fwp%2Fv2%2Ftags&post=5062"}],"curies":[{"name":"wp","href":"https:\/\/api.w.org\/{rel}","templated":true}]}}