{"id":5052,"date":"2016-12-24T16:41:42","date_gmt":"2016-12-24T16:41:42","guid":{"rendered":"http:\/\/paroquiagloria.org\/v2\/?p=5052"},"modified":"2016-12-24T16:41:42","modified_gmt":"2016-12-24T16:41:42","slug":"jornadas-de-formacao-de-liturgia","status":"publish","type":"post","link":"http:\/\/paroquiagloria.org\/v2\/?p=5052","title":{"rendered":"Jornadas de Forma\u00e7\u00e3o de Liturgia"},"content":{"rendered":"<p><a href=\"http:\/\/paroquiagloria.org\/v2\/wp-content\/uploads\/2016\/12\/cartaz_3JFL_2017.jpg\"><img loading=\"lazy\" class=\"size-full wp-image-5060 aligncenter\" src=\"http:\/\/paroquiagloria.org\/v2\/wp-content\/uploads\/2016\/12\/cartaz_3JFL_2017.jpg\" alt=\"cartaz_3jfl_2017\" width=\"678\" height=\"960\" srcset=\"http:\/\/paroquiagloria.org\/v2\/wp-content\/uploads\/2016\/12\/cartaz_3JFL_2017.jpg 678w, http:\/\/paroquiagloria.org\/v2\/wp-content\/uploads\/2016\/12\/cartaz_3JFL_2017-212x300.jpg 212w\" sizes=\"(max-width: 678px) 100vw, 678px\" \/><\/a><\/p>\n<p style=\"text-align: justify;\">Em tr\u00eas s\u00e1bados de <strong>Janeiro, dias 14, 21 e 28, entre as 9h e as 17h, decorrer\u00e3o as III Jornadas Diocesanas de Forma\u00e7\u00e3o Lit\u00fargica<\/strong> no Semin\u00e1rio de Santa Joana Princesa.<br \/>\nEst\u00e3o abertas as inscri\u00e7\u00f5es que devem ser feitas na secretaria paroquial, at\u00e9 ao dia 2 de Janeiro. A Par\u00f3quia assume o valor da inscri\u00e7\u00e3o (10 euros) dos agentes de pastoral que participem integralmente nos tr\u00eas encontros, ficando cada um respons\u00e1vel pelo almo\u00e7o.<br \/>\nPodem participar nestes encontros todos os que na comunidade paroquial exercem algum minist\u00e9rio da liturgia, quer sejam leitores, cantores ou ac\u00f3litos, assim como os ministros extraordin\u00e1rios da comunh\u00e3o, as zeladoras ou Visitadores de doentes. Tamb\u00e9m os catequistas e animadores, dirigentes do CNE, e todos os que se dedicam ao \u00e2mbito da pastoral da caridade t\u00eam aqui uma oportunidade de forma\u00e7\u00e3o importante.<\/p>\n<p>__________________________________<\/p>\n<p><a href=\"http:\/\/paroquiagloria.org\/v2\/wp-content\/uploads\/2016\/12\/3JFL_2017.jpg\"><img loading=\"lazy\" class=\"alignnone size-full wp-image-5054\" src=\"http:\/\/paroquiagloria.org\/v2\/wp-content\/uploads\/2016\/12\/3JFL_2017.jpg\" alt=\"3jfl_2017\" width=\"960\" height=\"340\" srcset=\"http:\/\/paroquiagloria.org\/v2\/wp-content\/uploads\/2016\/12\/3JFL_2017.jpg 960w, http:\/\/paroquiagloria.org\/v2\/wp-content\/uploads\/2016\/12\/3JFL_2017-300x106.jpg 300w\" sizes=\"(max-width: 960px) 100vw, 960px\" \/><\/a><\/p>\n<p>Fichas de Inscri\u00e7\u00e3o:<\/p>\n<ul>\n<li><a href=\"http:\/\/www.diocese-aveiro.pt\/v2\/wp-content\/uploads\/2016\/12\/DESDOBRAVEL_2017.pdf\" target=\"_blank\">Programa e ficha de inscri\u00e7\u00e3o<\/a><\/li>\n<li><a href=\"http:\/\/www.diocese-aveiro.pt\/v2\/wp-content\/uploads\/2016\/12\/INSCRICAO_COLETIVA.pdf\" target=\"_blank\">Ficha de inscri\u00e7\u00e3o\u00a0por par\u00f3quia<\/a><\/li>\n<\/ul>\n<p>MECs:<\/p>\n<p>\u2013 ficha de inscri\u00e7\u00e3o de MEC (<a href=\"http:\/\/www.diocese-aveiro.pt\/v2\/wp-content\/uploads\/2016\/12\/modelo-01-_ficha-de-inscricao.pdf\" target=\"_blank\">modelo 1<\/a>)<br \/>\n\u2013 requerimento do p\u00e1roco (<a href=\"http:\/\/www.diocese-aveiro.pt\/v2\/wp-content\/uploads\/2016\/12\/modelo-02-_requerimento.pdf\" target=\"_blank\">modelo 2<\/a>)<br \/>\n\u2013 2 fotos tipo passe<br \/>\n\u2013 fotoc\u00f3pia do cart\u00e3o de cidad\u00e3o ou bilhete de identidade.<br \/>\n&#8211;\u00a0formul\u00e1rio oficial de recondu\u00e7\u00e3o (<a href=\"http:\/\/www.diocese-aveiro.pt\/v2\/wp-content\/uploads\/2016\/12\/modelo-03-_reconducao.pdf\" target=\"_blank\">modelo 3<\/a>)<\/p>\n","protected":false},"excerpt":{"rendered":"<p>Em tr\u00eas s\u00e1bados de Janeiro, dias 14, 21 e 28, entre as 9h e as 17h, decorrer\u00e3o as III Jornadas Diocesanas de Forma\u00e7\u00e3o Lit\u00fargica no Semin\u00e1rio de Santa Joana Princesa. Est\u00e3o abertas as inscri\u00e7\u00f5es que devem ser feitas na secretaria paroquial, at\u00e9 ao dia 2 de Janeiro. A Par\u00f3quia assume o valor da inscri\u00e7\u00e3o (10 [&hellip;]<\/p>\n","protected":false},"author":1,"featured_media":5055,"comment_status":"open","ping_status":"closed","sticky":false,"template":"","format":"standard","meta":{"ngg_post_thumbnail":0},"categories":[1,4,2,6,19],"tags":[],"_links":{"self":[{"href":"http:\/\/paroquiagloria.org\/v2\/index.php?rest_route=\/wp\/v2\/posts\/5052"}],"collection":[{"href":"http:\/\/paroquiagloria.org\/v2\/index.php?rest_route=\/wp\/v2\/posts"}],"about":[{"href":"http:\/\/paroquiagloria.org\/v2\/index.php?rest_route=\/wp\/v2\/types\/post"}],"author":[{"embeddable":true,"href":"http:\/\/paroquiagloria.org\/v2\/index.php?rest_route=\/wp\/v2\/users\/1"}],"replies":[{"embeddable":true,"href":"http:\/\/paroquiagloria.org\/v2\/index.php?rest_route=%2Fwp%2Fv2%2Fcomments&post=5052"}],"version-history":[{"count":1,"href":"http:\/\/paroquiagloria.org\/v2\/index.php?rest_route=\/wp\/v2\/posts\/5052\/revisions"}],"predecessor-version":[{"id":5061,"href":"http:\/\/paroquiagloria.org\/v2\/index.php?rest_route=\/wp\/v2\/posts\/5052\/revisions\/5061"}],"wp:featuredmedia":[{"embeddable":true,"href":"http:\/\/paroquiagloria.org\/v2\/index.php?rest_route=\/wp\/v2\/media\/5055"}],"wp:attachment":[{"href":"http:\/\/paroquiagloria.org\/v2\/index.php?rest_route=%2Fwp%2Fv2%2Fmedia&parent=5052"}],"wp:term":[{"taxonomy":"category","embeddable":true,"href":"http:\/\/paroquiagloria.org\/v2\/index.php?rest_route=%2Fwp%2Fv2%2Fcategories&post=5052"},{"taxonomy":"post_tag","embeddable":true,"href":"http:\/\/paroquiagloria.org\/v2\/index.php?rest_route=%2Fwp%2Fv2%2Ftags&post=5052"}],"curies":[{"name":"wp","href":"https:\/\/api.w.org\/{rel}","templated":true}]}}