{"id":5048,"date":"2016-12-24T16:30:34","date_gmt":"2016-12-24T16:30:34","guid":{"rendered":"http:\/\/paroquiagloria.org\/v2\/?p=5048"},"modified":"2016-12-24T16:30:34","modified_gmt":"2016-12-24T16:30:34","slug":"jesus-cristo-o-rosto-da-esperanca-e-a-nossa-alegria-2","status":"publish","type":"post","link":"http:\/\/paroquiagloria.org\/v2\/?p=5048","title":{"rendered":"Jesus Cristo, o rosto da esperan\u00e7a, \u00e9 a nossa alegria!"},"content":{"rendered":"<p><a href=\"http:\/\/paroquiagloria.org\/v2\/wp-content\/uploads\/2016\/12\/Campanha_natal_small.jpg\"><img loading=\"lazy\" class=\"size-large wp-image-5049 aligncenter\" src=\"http:\/\/paroquiagloria.org\/v2\/wp-content\/uploads\/2016\/12\/Campanha_natal_small-1024x576.jpg\" alt=\"campanha_natal_small\" width=\"1024\" height=\"576\" srcset=\"http:\/\/paroquiagloria.org\/v2\/wp-content\/uploads\/2016\/12\/Campanha_natal_small-1024x576.jpg 1024w, http:\/\/paroquiagloria.org\/v2\/wp-content\/uploads\/2016\/12\/Campanha_natal_small-300x169.jpg 300w, http:\/\/paroquiagloria.org\/v2\/wp-content\/uploads\/2016\/12\/Campanha_natal_small.jpg 1248w\" sizes=\"(max-width: 1024px) 100vw, 1024px\" \/><\/a><\/p>\n<p style=\"text-align: justify;\">Por mais bonitos pres\u00e9pios que se fa\u00e7am, o cora\u00e7\u00e3o humano \u00e9 o melhor pres\u00e9pio de Jesus, cujos valores devem reflectir-se permanentemente na vida e no testemunho pessoal de cada crist\u00e3o. Que o pres\u00e9pio seja uma interpela\u00e7\u00e3o para acolher a Palavra e crescer como um homem novo. Que a luz que dele irradia dissipe as trevas e seja a nossa esperan\u00e7a! Urge, \u00e0 luz do pres\u00e9pio de Bel\u00e9m, fazer uma retrospectiva e interrogar as nossas comunidades crist\u00e3s, e cada um de n\u00f3s, sobre o como devemos viver e como \u00e9 que a Igreja pode ser testemunha do Emanuel que se fez Deus connosco.<br \/>\nDesejo que o nascimento de Jesus, o Salvador, seja um dom de Deus para a nossa Diocese, para as comunidades, para cada fam\u00edlia, para cada pessoa em particular. Que a todos d\u00ea um cora\u00e7\u00e3o atento e capaz de reconhecer os sinais do seu Reino na vida de cada um e de cada irm\u00e3o. Que o Emanuel fa\u00e7a do nosso cora\u00e7\u00e3o o pres\u00e9pio onde quer nascer, ser a luz para todos os nossos dias.<br \/>\nAcolhamo-lo com jubilosa esperan\u00e7a! Que a todos encha do seu amor, na esperan\u00e7a de um novo ano renovado.<\/p>\n<p style=\"text-align: right;\"><em>da mensagem de Natal do Bispo Diocesano<\/em><\/p>\n<p style=\"text-align: right;\">pode ler na \u00edntegra <a href=\"http:\/\/www.diocese-aveiro.pt\/v2\/?p=14498\" target=\"_blank\">aqui<\/a><\/p>\n<p style=\"text-align: right;\">\n<p style=\"text-align: right;\">______________________________________<\/p>\n<p style=\"text-align: justify; padding-left: 60px;\">Menino Jesus, Filho amado de Deus,<br \/>\nNasceste para vermos com clareza<br \/>\nA medida do Teu amor por n\u00f3s.<br \/>\nNasceste num curral, fora da cidade,<br \/>\nsem abrigo, e nos mostraste<br \/>\nQue est\u00e1s ao alcance de todos.<br \/>\n<strong>Jesus Cristo, rosto da esperan\u00e7a, <\/strong><br \/>\n<strong>\u00e9s a nossa alegria!<\/strong><br \/>\n\u00c9s o nosso Salvador!<\/p>\n<p style=\"text-align: justify; padding-left: 60px;\">_____________________________<\/p>\n","protected":false},"excerpt":{"rendered":"<p>Por mais bonitos pres\u00e9pios que se fa\u00e7am, o cora\u00e7\u00e3o humano \u00e9 o melhor pres\u00e9pio de Jesus, cujos valores devem reflectir-se permanentemente na vida e no testemunho pessoal de cada crist\u00e3o. Que o pres\u00e9pio seja uma interpela\u00e7\u00e3o para acolher a Palavra e crescer como um homem novo. Que a luz que dele irradia dissipe as trevas [&hellip;]<\/p>\n","protected":false},"author":1,"featured_media":5050,"comment_status":"open","ping_status":"closed","sticky":false,"template":"","format":"standard","meta":{"ngg_post_thumbnail":0},"categories":[1,4,2,6,19],"tags":[],"_links":{"self":[{"href":"http:\/\/paroquiagloria.org\/v2\/index.php?rest_route=\/wp\/v2\/posts\/5048"}],"collection":[{"href":"http:\/\/paroquiagloria.org\/v2\/index.php?rest_route=\/wp\/v2\/posts"}],"about":[{"href":"http:\/\/paroquiagloria.org\/v2\/index.php?rest_route=\/wp\/v2\/types\/post"}],"author":[{"embeddable":true,"href":"http:\/\/paroquiagloria.org\/v2\/index.php?rest_route=\/wp\/v2\/users\/1"}],"replies":[{"embeddable":true,"href":"http:\/\/paroquiagloria.org\/v2\/index.php?rest_route=%2Fwp%2Fv2%2Fcomments&post=5048"}],"version-history":[{"count":1,"href":"http:\/\/paroquiagloria.org\/v2\/index.php?rest_route=\/wp\/v2\/posts\/5048\/revisions"}],"predecessor-version":[{"id":5051,"href":"http:\/\/paroquiagloria.org\/v2\/index.php?rest_route=\/wp\/v2\/posts\/5048\/revisions\/5051"}],"wp:featuredmedia":[{"embeddable":true,"href":"http:\/\/paroquiagloria.org\/v2\/index.php?rest_route=\/wp\/v2\/media\/5050"}],"wp:attachment":[{"href":"http:\/\/paroquiagloria.org\/v2\/index.php?rest_route=%2Fwp%2Fv2%2Fmedia&parent=5048"}],"wp:term":[{"taxonomy":"category","embeddable":true,"href":"http:\/\/paroquiagloria.org\/v2\/index.php?rest_route=%2Fwp%2Fv2%2Fcategories&post=5048"},{"taxonomy":"post_tag","embeddable":true,"href":"http:\/\/paroquiagloria.org\/v2\/index.php?rest_route=%2Fwp%2Fv2%2Ftags&post=5048"}],"curies":[{"name":"wp","href":"https:\/\/api.w.org\/{rel}","templated":true}]}}