{"id":5037,"date":"2016-12-17T19:45:02","date_gmt":"2016-12-17T19:45:02","guid":{"rendered":"http:\/\/paroquiagloria.org\/v2\/?p=5037"},"modified":"2016-12-17T19:45:02","modified_gmt":"2016-12-17T19:45:02","slug":"um-belo-postal-de-natal","status":"publish","type":"post","link":"http:\/\/paroquiagloria.org\/v2\/?p=5037","title":{"rendered":"Um belo postal de Natal"},"content":{"rendered":"<p><a href=\"http:\/\/paroquiagloria.org\/v2\/wp-content\/uploads\/2016\/12\/postal_mini.jpg\"><img loading=\"lazy\" class=\"size-full wp-image-5038 aligncenter\" src=\"http:\/\/paroquiagloria.org\/v2\/wp-content\/uploads\/2016\/12\/postal_mini.jpg\" alt=\"postal_mini\" width=\"174\" height=\"124\" \/><\/a><\/p>\n<p style=\"text-align: justify;\">Queremos dar a conhecer o desenho vencedor do concurso &#8220;O verdadeiro Natal&#8221; que promovemos. Este trabalho ser\u00e1 usado no postal de Natal que iremos oferecer nas celebra\u00e7\u00f5es do dia de Natal e na ac\u00e7\u00e3o congregadora do Cantar dos Reis. Como j\u00e1 anunci\u00e1mos, o j\u00fari escolheu o trabalho coletivo do 8\u00ba. ano da catequese. Partilhamos aqui as palavras escritas pelos autores do trabalho:<\/p>\n<p style=\"text-align: justify;\">\n<em>Foi com muita alegria que aceit\u00e1mos o desafio &#8220;O verdadeiro Natal&#8221;, feito pela nossa Par\u00f3quia. Desde logo, achamos importante levar a concurso um trabalho de grupo que fosse s\u00edmbolo da nossa reflex\u00e3o sobre o que \u00e9 o &#8220;Verdadeiro Natal&#8221;. A generosidade de Maria e Jos\u00e9 s\u00e3o para n\u00f3s o exemplo de entrega e partilha que pretendemos mostrar a esta comunidade. O Menino, colocado nesta manjedoura sob a forma de cora\u00e7\u00e3o, representa o grande amor de Deus para com o mundo, pois acreditamos que a sua vinda far\u00e1 um MUNDO MELHOR.<\/em><\/p>\n","protected":false},"excerpt":{"rendered":"<p>Queremos dar a conhecer o desenho vencedor do concurso &#8220;O verdadeiro Natal&#8221; que promovemos. Este trabalho ser\u00e1 usado no postal de Natal que iremos oferecer nas celebra\u00e7\u00f5es do dia de Natal e na ac\u00e7\u00e3o congregadora do Cantar dos Reis. Como j\u00e1 anunci\u00e1mos, o j\u00fari escolheu o trabalho coletivo do 8\u00ba. ano da catequese. Partilhamos aqui [&hellip;]<\/p>\n","protected":false},"author":1,"featured_media":5040,"comment_status":"open","ping_status":"closed","sticky":false,"template":"","format":"standard","meta":{"ngg_post_thumbnail":0},"categories":[1,4,2,6,19],"tags":[],"_links":{"self":[{"href":"http:\/\/paroquiagloria.org\/v2\/index.php?rest_route=\/wp\/v2\/posts\/5037"}],"collection":[{"href":"http:\/\/paroquiagloria.org\/v2\/index.php?rest_route=\/wp\/v2\/posts"}],"about":[{"href":"http:\/\/paroquiagloria.org\/v2\/index.php?rest_route=\/wp\/v2\/types\/post"}],"author":[{"embeddable":true,"href":"http:\/\/paroquiagloria.org\/v2\/index.php?rest_route=\/wp\/v2\/users\/1"}],"replies":[{"embeddable":true,"href":"http:\/\/paroquiagloria.org\/v2\/index.php?rest_route=%2Fwp%2Fv2%2Fcomments&post=5037"}],"version-history":[{"count":1,"href":"http:\/\/paroquiagloria.org\/v2\/index.php?rest_route=\/wp\/v2\/posts\/5037\/revisions"}],"predecessor-version":[{"id":5041,"href":"http:\/\/paroquiagloria.org\/v2\/index.php?rest_route=\/wp\/v2\/posts\/5037\/revisions\/5041"}],"wp:featuredmedia":[{"embeddable":true,"href":"http:\/\/paroquiagloria.org\/v2\/index.php?rest_route=\/wp\/v2\/media\/5040"}],"wp:attachment":[{"href":"http:\/\/paroquiagloria.org\/v2\/index.php?rest_route=%2Fwp%2Fv2%2Fmedia&parent=5037"}],"wp:term":[{"taxonomy":"category","embeddable":true,"href":"http:\/\/paroquiagloria.org\/v2\/index.php?rest_route=%2Fwp%2Fv2%2Fcategories&post=5037"},{"taxonomy":"post_tag","embeddable":true,"href":"http:\/\/paroquiagloria.org\/v2\/index.php?rest_route=%2Fwp%2Fv2%2Ftags&post=5037"}],"curies":[{"name":"wp","href":"https:\/\/api.w.org\/{rel}","templated":true}]}}