{"id":5035,"date":"2016-12-17T19:39:23","date_gmt":"2016-12-17T19:39:23","guid":{"rendered":"http:\/\/paroquiagloria.org\/v2\/?p=5035"},"modified":"2016-12-17T19:39:23","modified_gmt":"2016-12-17T19:39:23","slug":"cantar-dos-reis-quem-quer-2","status":"publish","type":"post","link":"http:\/\/paroquiagloria.org\/v2\/?p=5035","title":{"rendered":"Cantar dos Reis. Quem quer?"},"content":{"rendered":"<p><a href=\"http:\/\/paroquiagloria.org\/v2\/wp-content\/uploads\/2016\/12\/adoracao-dos-magos.jpg\"><img loading=\"lazy\" class=\"size-large wp-image-5016 aligncenter\" src=\"http:\/\/paroquiagloria.org\/v2\/wp-content\/uploads\/2016\/12\/adoracao-dos-magos-1024x745.jpg\" alt=\"adoracao-dos-magos\" width=\"1024\" height=\"745\" srcset=\"http:\/\/paroquiagloria.org\/v2\/wp-content\/uploads\/2016\/12\/adoracao-dos-magos-1024x745.jpg 1024w, http:\/\/paroquiagloria.org\/v2\/wp-content\/uploads\/2016\/12\/adoracao-dos-magos-300x218.jpg 300w, http:\/\/paroquiagloria.org\/v2\/wp-content\/uploads\/2016\/12\/adoracao-dos-magos.jpg 2000w\" sizes=\"(max-width: 1024px) 100vw, 1024px\" \/><\/a><\/p>\n<p style=\"text-align: justify;\">Entre os dias 3 e 9 de Janeiro iremos como comunidade paroquial cantar os Reis. A iniciativa congregadora figura nas ac\u00e7\u00f5es do plano pastoral e os objectivos s\u00e3o: anunciar e levar a alegria do Natal e ainda fazer a experi\u00eancia de uma Igreja em sa\u00edda.<br \/>\nHaver\u00e1 dois ensaios conjuntos: nas quartas-feira, dia 21 e dia 28, \u00e0s 21h, no centro paroquial. Pedimos a quem quer cantar connosco que apare\u00e7a e a quem toca algum instrumento musical a traz\u00ea-lo para os ensaios.<br \/>\nNesta altura podemos dizer que iremos cantar em algumas casas de algumas ruas mais pr\u00f3ximas \u00e0 S\u00e9, com a catequese dos mais velhos.<br \/>\nCantaremos em alguns espa\u00e7os p\u00fablicos e em alguns espa\u00e7os comerciais com os grupos de pessoas adultas. Tamb\u00e9m as crian\u00e7as da catequese da inf\u00e2ncia ir\u00e3o cantar os reis, no dia 7 de Janeiro, de tarde, na pra\u00e7a da Rep\u00fablica.<\/p>\n","protected":false},"excerpt":{"rendered":"<p>Entre os dias 3 e 9 de Janeiro iremos como comunidade paroquial cantar os Reis. A iniciativa congregadora figura nas ac\u00e7\u00f5es do plano pastoral e os objectivos s\u00e3o: anunciar e levar a alegria do Natal e ainda fazer a experi\u00eancia de uma Igreja em sa\u00edda. Haver\u00e1 dois ensaios conjuntos: nas quartas-feira, dia 21 e dia [&hellip;]<\/p>\n","protected":false},"author":1,"featured_media":5017,"comment_status":"open","ping_status":"closed","sticky":false,"template":"","format":"standard","meta":{"ngg_post_thumbnail":0},"categories":[1,4,2,6,19],"tags":[],"_links":{"self":[{"href":"http:\/\/paroquiagloria.org\/v2\/index.php?rest_route=\/wp\/v2\/posts\/5035"}],"collection":[{"href":"http:\/\/paroquiagloria.org\/v2\/index.php?rest_route=\/wp\/v2\/posts"}],"about":[{"href":"http:\/\/paroquiagloria.org\/v2\/index.php?rest_route=\/wp\/v2\/types\/post"}],"author":[{"embeddable":true,"href":"http:\/\/paroquiagloria.org\/v2\/index.php?rest_route=\/wp\/v2\/users\/1"}],"replies":[{"embeddable":true,"href":"http:\/\/paroquiagloria.org\/v2\/index.php?rest_route=%2Fwp%2Fv2%2Fcomments&post=5035"}],"version-history":[{"count":1,"href":"http:\/\/paroquiagloria.org\/v2\/index.php?rest_route=\/wp\/v2\/posts\/5035\/revisions"}],"predecessor-version":[{"id":5036,"href":"http:\/\/paroquiagloria.org\/v2\/index.php?rest_route=\/wp\/v2\/posts\/5035\/revisions\/5036"}],"wp:featuredmedia":[{"embeddable":true,"href":"http:\/\/paroquiagloria.org\/v2\/index.php?rest_route=\/wp\/v2\/media\/5017"}],"wp:attachment":[{"href":"http:\/\/paroquiagloria.org\/v2\/index.php?rest_route=%2Fwp%2Fv2%2Fmedia&parent=5035"}],"wp:term":[{"taxonomy":"category","embeddable":true,"href":"http:\/\/paroquiagloria.org\/v2\/index.php?rest_route=%2Fwp%2Fv2%2Fcategories&post=5035"},{"taxonomy":"post_tag","embeddable":true,"href":"http:\/\/paroquiagloria.org\/v2\/index.php?rest_route=%2Fwp%2Fv2%2Ftags&post=5035"}],"curies":[{"name":"wp","href":"https:\/\/api.w.org\/{rel}","templated":true}]}}