{"id":5032,"date":"2016-12-17T19:38:21","date_gmt":"2016-12-17T19:38:21","guid":{"rendered":"http:\/\/paroquiagloria.org\/v2\/?p=5032"},"modified":"2016-12-17T19:38:21","modified_gmt":"2016-12-17T19:38:21","slug":"tempo-de-advento-semeadores-da-esperanca-promotores-do-encontro-3","status":"publish","type":"post","link":"http:\/\/paroquiagloria.org\/v2\/?p=5032","title":{"rendered":"Tempo de Advento: Semeadores da esperan\u00e7a, promotores do encontro"},"content":{"rendered":"<p><a href=\"http:\/\/paroquiagloria.org\/v2\/wp-content\/uploads\/2016\/12\/4dA_campanha.jpg\"><img loading=\"lazy\" class=\"size-full wp-image-5033 aligncenter\" src=\"http:\/\/paroquiagloria.org\/v2\/wp-content\/uploads\/2016\/12\/4dA_campanha.jpg\" alt=\"4da_campanha\" width=\"960\" height=\"450\" srcset=\"http:\/\/paroquiagloria.org\/v2\/wp-content\/uploads\/2016\/12\/4dA_campanha.jpg 960w, http:\/\/paroquiagloria.org\/v2\/wp-content\/uploads\/2016\/12\/4dA_campanha-300x141.jpg 300w\" sizes=\"(max-width: 960px) 100vw, 960px\" \/><\/a><\/p>\n<p style=\"text-align: justify;\">&#8220;Semeadores da esperan\u00e7a, promotores do encontro&#8221;. \u00c9 com este lema que, unidos \u00e0 Igreja diocesana, nos dispomos viver este tempo de gra\u00e7a que \u00e9 o Advento como caminho de prepara\u00e7\u00e3o para o Natal, a festa do nascimento de Jesus, rosto da esperan\u00e7a, nossa alegria.<br \/>\nNesta<span style=\"text-decoration: underline;\"> quarta semana<\/span> do Advento, <strong>&#8220;Com Maria e Jos\u00e9&#8221;<\/strong>, nos dispomos a acolher o Menino que nasce para n\u00f3s como Salvador.<br \/>\nAo acender a quarta vela da coroa de Advento, que as fam\u00edlias tamb\u00e9m est\u00e3o convidadas a fazer em suas casas, fazemos a seguinte ora\u00e7\u00e3o:<\/p>\n<p style=\"text-align: justify; padding-left: 60px;\"><strong>Com Maria e Jos\u00e9,<\/strong><br \/>\nComo Maria e Jos\u00e9,<br \/>\nacolhemos a Palavra<br \/>\nconfiamos na Promessa,<br \/>\ne firmamos nossa Esperan\u00e7a.<br \/>\nQueremos fazer de nossos bra\u00e7os<br \/>\no rega\u00e7o mais formoso<br \/>\nonde nasce o Salvador,<br \/>\nJesus Cristo, Senhor.<\/p>\n<p style=\"padding-left: 60px;\">Acendemos a quarta vela<br \/>\ndeste caminho at\u00e9 ao Natal.<br \/>\nVinde, Senhor Jesus!<\/p>\n","protected":false},"excerpt":{"rendered":"<p>&#8220;Semeadores da esperan\u00e7a, promotores do encontro&#8221;. \u00c9 com este lema que, unidos \u00e0 Igreja diocesana, nos dispomos viver este tempo de gra\u00e7a que \u00e9 o Advento como caminho de prepara\u00e7\u00e3o para o Natal, a festa do nascimento de Jesus, rosto da esperan\u00e7a, nossa alegria. Nesta quarta semana do Advento, &#8220;Com Maria e Jos\u00e9&#8221;, nos dispomos [&hellip;]<\/p>\n","protected":false},"author":1,"featured_media":5033,"comment_status":"open","ping_status":"closed","sticky":false,"template":"","format":"standard","meta":{"ngg_post_thumbnail":0},"categories":[1,4,2,6,19],"tags":[],"_links":{"self":[{"href":"http:\/\/paroquiagloria.org\/v2\/index.php?rest_route=\/wp\/v2\/posts\/5032"}],"collection":[{"href":"http:\/\/paroquiagloria.org\/v2\/index.php?rest_route=\/wp\/v2\/posts"}],"about":[{"href":"http:\/\/paroquiagloria.org\/v2\/index.php?rest_route=\/wp\/v2\/types\/post"}],"author":[{"embeddable":true,"href":"http:\/\/paroquiagloria.org\/v2\/index.php?rest_route=\/wp\/v2\/users\/1"}],"replies":[{"embeddable":true,"href":"http:\/\/paroquiagloria.org\/v2\/index.php?rest_route=%2Fwp%2Fv2%2Fcomments&post=5032"}],"version-history":[{"count":1,"href":"http:\/\/paroquiagloria.org\/v2\/index.php?rest_route=\/wp\/v2\/posts\/5032\/revisions"}],"predecessor-version":[{"id":5034,"href":"http:\/\/paroquiagloria.org\/v2\/index.php?rest_route=\/wp\/v2\/posts\/5032\/revisions\/5034"}],"wp:featuredmedia":[{"embeddable":true,"href":"http:\/\/paroquiagloria.org\/v2\/index.php?rest_route=\/wp\/v2\/media\/5033"}],"wp:attachment":[{"href":"http:\/\/paroquiagloria.org\/v2\/index.php?rest_route=%2Fwp%2Fv2%2Fmedia&parent=5032"}],"wp:term":[{"taxonomy":"category","embeddable":true,"href":"http:\/\/paroquiagloria.org\/v2\/index.php?rest_route=%2Fwp%2Fv2%2Fcategories&post=5032"},{"taxonomy":"post_tag","embeddable":true,"href":"http:\/\/paroquiagloria.org\/v2\/index.php?rest_route=%2Fwp%2Fv2%2Ftags&post=5032"}],"curies":[{"name":"wp","href":"https:\/\/api.w.org\/{rel}","templated":true}]}}